{"id":102,"date":"2011-01-20T19:30:13","date_gmt":"2011-01-20T19:30:13","guid":{"rendered":"http:\/\/www.encontramogidascruzes.com.br\/noticias\/?p=102"},"modified":"2013-08-13T16:52:12","modified_gmt":"2013-08-13T19:52:12","slug":"feirantes-de-mogi-das-cruzes-terao-barracas-padronizadas","status":"publish","type":"post","link":"https:\/\/www.encontramogidascruzes.com.br\/noticias\/feirantes-de-mogi-das-cruzes-terao-barracas-padronizadas\/","title":{"rendered":"Feirantes de Mogi das Cruzes ter\u00e3o barracas padronizadas"},"content":{"rendered":"<p>At\u00e9 o final de fevereiro, todos os comerciantes atuantes em varej\u00f5es e feiras livres de guia da cidade Mogi das Cruzes dever\u00e3o padronizar suas barracas, conforme determina\u00e7\u00e3o da Prefeitura. De acordo com o secret\u00e1rio municipal de Agricultura, Oswaldo Nagao, a medida visa organizar e identificar melhor as atividades, o que seria um beneficio para vendedores e consumidores. No Varej\u00e3o da Cobal, no Mogilar, est\u00e1 \u00e9 apenas uma das mudan\u00e7as que poder\u00e3o ser conferidas pelos usu\u00e1rios, j\u00e1 que o local dever\u00e1 passar por uma grande reforma, com conclus\u00e3o prevista ainda no primeiro semestre de 2011.<\/p>\n<p>&#8220;Com esta uniformiza\u00e7\u00e3o, ficar\u00e3o mais especificadas as atividades exercidas em cada uma das barracas dos varej\u00f5es e feiras livres, o que facilita bastante para todos. Quem quer comer pastel, por exemplo, ir\u00e1 encontrar mais facilmente. Esta mudan\u00e7a inclui tamb\u00e9m a disciplina na apresenta\u00e7\u00e3o do comerciante ao consumidor&#8221;, avalia Nagao.<\/p>\n<p>Para esta melhoria no atendimento, a Prefeitura ofereceu aos comerciantes um treinamento, em parceria com o Servi\u00e7o Brasileiro de Apoio \u00e0s Micro e Pequenas Empresas (Sebrae). &#8220;Este \u00e9 um curso sobre boas maneiras, higiene, empreendimento. Enfim, tudo o que \u00e9 necess\u00e1rio saber&#8221;, explica o secret\u00e1rio.<\/p>\n<p>&#8220;A exist\u00eancia deste treinamento tamb\u00e9m ser\u00e1 positiva para os cidad\u00e3os. Os feirantes ter\u00e3o mais condi\u00e7\u00f5es de realizar um atendimento melhor, tornando o momento de compra e venda mais f\u00e1cil e, ainda, seguindo princ\u00edpios de higiene, que \u00e9 fundamental \u00e0 sa\u00fade, principalmente, para quem trabalha diretamente com alimenta\u00e7\u00e3o&#8221;, acrescenta.<\/p>\n<p>Os varej\u00f5es s\u00e3o realizados em tr\u00eas locais da Cidade: Braz Cubas, Jundiapeba e no Mogilar. Nestes tr\u00eas pontos, somam-se cerca de 300 comerciantes. No Mogilar, o espa\u00e7o do Varej\u00e3o da Cobal conta com o projeto de uma grande reforma. Os servi\u00e7os incluem a revis\u00e3o das instala\u00e7\u00f5es el\u00e9tricas, a reforma dos banheiros e a constru\u00e7\u00e3o de alambrados. Al\u00e9m disso, conforme informou Nagao, a desativa\u00e7\u00e3o do Terminal Mogilar, possibilitar\u00e1 a amplia\u00e7\u00e3o da \u00e1rea, bem como de suas atividades.<\/p>\n<p>&#8220;O local est\u00e1 precisando de uma boa manuten\u00e7\u00e3o, como nos banheiros, por exemplo. Esta reforma ser\u00e1 muito positiva, trazendo grandes melhorias para as atividades&#8221;, declara o secret\u00e1rio. Ele estima que, at\u00e9 o final do primeiro semestre de 2011, os servi\u00e7os de reforma do Varej\u00e3o da Cobal estar\u00e3o conclu\u00eddos. Os trabalhos j\u00e1 come\u00e7aram, sendo que, no momento, est\u00e1 em fase de t\u00e9rmino a constru\u00e7\u00e3o de um alambrado, que divide o p\u00e1tio do Varej\u00e3o com a Avenida C\u00edvica.<\/p>\n<p><em>Fonte: O Di\u00e1rio<\/em><\/p>\n","protected":false},"excerpt":{"rendered":"<p>At\u00e9 o final de fevereiro, todos os comerciantes atuantes em varej\u00f5es e feiras livres de guia da cidade Mogi das Cruzes dever\u00e3o padronizar suas barracas, conforme determina\u00e7\u00e3o da Prefeitura. De acordo com o secret\u00e1rio municipal de Agricultura, Oswaldo Nagao, a medida visa organizar e identificar melhor as atividades, o que seria um beneficio para vendedores [&hellip;]<\/p>\n","protected":false},"author":1,"featured_media":0,"comment_status":"open","ping_status":"open","sticky":false,"template":"","format":"standard","meta":{"footnotes":""},"categories":[6],"tags":[14],"class_list":["post-102","post","type-post","status-publish","format-standard","hentry","category-noticias-mogi-das-cruzes","tag-mogi-das-cruzes"],"_links":{"self":[{"href":"https:\/\/www.encontramogidascruzes.com.br\/noticias\/wp-json\/wp\/v2\/posts\/102","targetHints":{"allow":["GET"]}}],"collection":[{"href":"https:\/\/www.encontramogidascruzes.com.br\/noticias\/wp-json\/wp\/v2\/posts"}],"about":[{"href":"https:\/\/www.encontramogidascruzes.com.br\/noticias\/wp-json\/wp\/v2\/types\/post"}],"author":[{"embeddable":true,"href":"https:\/\/www.encontramogidascruzes.com.br\/noticias\/wp-json\/wp\/v2\/users\/1"}],"replies":[{"embeddable":true,"href":"https:\/\/www.encontramogidascruzes.com.br\/noticias\/wp-json\/wp\/v2\/comments?post=102"}],"version-history":[{"count":0,"href":"https:\/\/www.encontramogidascruzes.com.br\/noticias\/wp-json\/wp\/v2\/posts\/102\/revisions"}],"wp:attachment":[{"href":"https:\/\/www.encontramogidascruzes.com.br\/noticias\/wp-json\/wp\/v2\/media?parent=102"}],"wp:term":[{"taxonomy":"category","embeddable":true,"href":"https:\/\/www.encontramogidascruzes.com.br\/noticias\/wp-json\/wp\/v2\/categories?post=102"},{"taxonomy":"post_tag","embeddable":true,"href":"https:\/\/www.encontramogidascruzes.com.br\/noticias\/wp-json\/wp\/v2\/tags?post=102"}],"curies":[{"name":"wp","href":"https:\/\/api.w.org\/{rel}","templated":true}]}}