{"id":104,"date":"2011-01-20T19:31:11","date_gmt":"2011-01-20T19:31:11","guid":{"rendered":"http:\/\/www.encontramogidascruzes.com.br\/noticias\/?p=104"},"modified":"2013-08-13T16:52:12","modified_gmt":"2013-08-13T19:52:12","slug":"carioca-que-mora-em-mogi-das-cruzes-fala-com-as-filhas-no-rio-apos-uma-semana","status":"publish","type":"post","link":"https:\/\/www.encontramogidascruzes.com.br\/noticias\/carioca-que-mora-em-mogi-das-cruzes-fala-com-as-filhas-no-rio-apos-uma-semana\/","title":{"rendered":"Carioca que mora em Mogi das Cruzes fala com as filhas no Rio ap\u00f3s uma semana"},"content":{"rendered":"<p>Ap\u00f3s uma semana de intensa preocupa\u00e7\u00e3o, o carioca Gilberto Cruz Sampaio, de 40 anos, que mora na cidade Mogi das Cruzes, teve anteontem o primeiro contato com as filhas Amanda e Beatriz, de 12 e 9 anos, que est\u00e3o em f\u00e9rias na casa do av\u00f4 em Nova Friburgo, no Rio de Janeiro. Por causa das enchentes e dos deslizamentos que arrasaram a cidade fluminense, as comunica\u00e7\u00f5es foram prejudicadas e Sampaio n\u00e3o sabia se as filhas, que nasceram em Mogi, estavam bem. Segundo ele, que nos anos 1980 morou na cidade afetada, os jornais locais avisaram dos riscos por anos a fio, e as autoridades sabiam que uma trag\u00e9dia como esta poderia acontecer, mas n\u00e3o fizeram nada para impedi-la.<\/p>\n<p>A \u00fanica refer\u00eancia para o pai das meninas eram os notici\u00e1rios, que ele acompanhava atentamente. O av\u00f4 de Amanda e Beatriz mora em um dos poucos bairros que n\u00e3o foram afetados pelo desastre, que j\u00e1 matou mais de 700 pessoas na regi\u00e3o serrana do Rio e deixou Nova Friburgo, Sumidouro, Petr\u00f3polis e Teres\u00f3polis, onde mora a av\u00f3 das meninas, completamente destru\u00eddas.<br \/>\nN\u00e3o h\u00e1 luz, \u00e1gua ou mantimentos. Cerca de 80% do com\u00e9rcio continua fechado e as comunica\u00e7\u00f5es ainda s\u00e3o limitadas.<br \/>\nSegundo Sampaio, a \u00faltima semana foi de desespero e de preocupa\u00e7\u00e3o para ele, que estava em Mogi sem not\u00edcias das garotas.<\/p>\n<p>&#8220;Vi pela televis\u00e3o o que havia acontecido e tentei ligar imediatamente para as minhas meninas&#8221;, contou. &#8220;Eu sabia que a casa do av\u00f4 materno delas era afastada da \u00e1rea afetada, mas fiquei muito apreensivo quando a liga\u00e7\u00e3o n\u00e3o foi completada, pois eles estavam incomunic\u00e1veis&#8221;, desabafou Sampaio.<\/p>\n<p>Os dias seguintes foram de medo e de ins\u00f4nia para ele. Os notici\u00e1rios avisavam da impossibilidade de se chegar de carro \u00e0 regi\u00e3o e Sampaio desistiu da ideia de ir buscar as filhas.<br \/>\n&#8220;Apoiei-me na esperan\u00e7a de que elas estariam bem e a salvo, com o av\u00f4&#8221;.<br \/>\nMesmo sem not\u00edcias, durante todo o tempo, a ex-esposa de Sampaio, que mora em Suzano, manteve contato direto com o pai das meninas. &#8220;S\u00f3 conseguimos falar com minhas filhas ontem (ter\u00e7a-feira) \u00e0 tarde&#8221;, disse Sampaio. &#8220;Foi um al\u00edvio para mim ouvir a voz delas e saber que estavam bem&#8221;.<\/p>\n<p><strong>Descaso<\/strong><br \/>\nO pai de Amanda e Beatriz afirmou que os avisos sobre os riscos de deslizamentos eram divulgados constantemente em Nova Friburgo e em Teres\u00f3polis. &#8220;As autoridades locais sabiam h\u00e1 anos da possibilidade de um desastre, que poderia acontecer a qualquer momento&#8221;, contou. No per\u00edodo em que morou em Nova Friburgo, nos anos 1980, Sampaio presenciou um desastre parecido, mas n\u00e3o em t\u00e3o grandes propor\u00e7\u00f5es.<br \/>\n&#8220;J\u00e1 naquela \u00e9poca, as chuvas castigaram a cidade e muitas pessoas morreram&#8221;, relembrou. &#8220;As trag\u00e9dias de 1982 deveriam servir como aviso para a administra\u00e7\u00e3o da cidade&#8221;.<\/p>\n<p>A m\u00e3e de Amanda e Beatriz viajou ontem para a regi\u00e3o serrana do Rio, para buscar as meninas e visitar seus parentes. A situa\u00e7\u00e3o das estradas melhorou, e o acesso \u00e0s cidades est\u00e1 menos limitado. Para Sampaio, ver as meninas ser\u00e1 um al\u00edvio. &#8220;Hoje, poderei dormir tranquilo. Minhas filhas est\u00e3o bem&#8221;.<\/p>\n<p><em>Fonte: Mogi News<\/em><\/p>\n","protected":false},"excerpt":{"rendered":"<p>Ap\u00f3s uma semana de intensa preocupa\u00e7\u00e3o, o carioca Gilberto Cruz Sampaio, de 40 anos, que mora na cidade Mogi das Cruzes, teve anteontem o primeiro contato com as filhas Amanda e Beatriz, de 12 e 9 anos, que est\u00e3o em f\u00e9rias na casa do av\u00f4 em Nova Friburgo, no Rio de Janeiro. Por causa das [&hellip;]<\/p>\n","protected":false},"author":1,"featured_media":0,"comment_status":"open","ping_status":"open","sticky":false,"template":"","format":"standard","meta":{"footnotes":""},"categories":[6],"tags":[14],"class_list":["post-104","post","type-post","status-publish","format-standard","hentry","category-noticias-mogi-das-cruzes","tag-mogi-das-cruzes"],"_links":{"self":[{"href":"https:\/\/www.encontramogidascruzes.com.br\/noticias\/wp-json\/wp\/v2\/posts\/104","targetHints":{"allow":["GET"]}}],"collection":[{"href":"https:\/\/www.encontramogidascruzes.com.br\/noticias\/wp-json\/wp\/v2\/posts"}],"about":[{"href":"https:\/\/www.encontramogidascruzes.com.br\/noticias\/wp-json\/wp\/v2\/types\/post"}],"author":[{"embeddable":true,"href":"https:\/\/www.encontramogidascruzes.com.br\/noticias\/wp-json\/wp\/v2\/users\/1"}],"replies":[{"embeddable":true,"href":"https:\/\/www.encontramogidascruzes.com.br\/noticias\/wp-json\/wp\/v2\/comments?post=104"}],"version-history":[{"count":0,"href":"https:\/\/www.encontramogidascruzes.com.br\/noticias\/wp-json\/wp\/v2\/posts\/104\/revisions"}],"wp:attachment":[{"href":"https:\/\/www.encontramogidascruzes.com.br\/noticias\/wp-json\/wp\/v2\/media?parent=104"}],"wp:term":[{"taxonomy":"category","embeddable":true,"href":"https:\/\/www.encontramogidascruzes.com.br\/noticias\/wp-json\/wp\/v2\/categories?post=104"},{"taxonomy":"post_tag","embeddable":true,"href":"https:\/\/www.encontramogidascruzes.com.br\/noticias\/wp-json\/wp\/v2\/tags?post=104"}],"curies":[{"name":"wp","href":"https:\/\/api.w.org\/{rel}","templated":true}]}}