{"id":106,"date":"2011-01-20T19:33:55","date_gmt":"2011-01-20T19:33:55","guid":{"rendered":"http:\/\/www.encontramogidascruzes.com.br\/noticias\/?p=106"},"modified":"2013-08-13T16:52:12","modified_gmt":"2013-08-13T19:52:12","slug":"operacao-cata-tranqueira-percorrera-11-bairros-de-mogi-das-cruzes-neste-sabado","status":"publish","type":"post","link":"https:\/\/www.encontramogidascruzes.com.br\/noticias\/operacao-cata-tranqueira-percorrera-11-bairros-de-mogi-das-cruzes-neste-sabado\/","title":{"rendered":"Opera\u00e7\u00e3o Cata-Tranqueira percorrer\u00e1 11 bairros de Mogi das Cruzes neste s\u00e1bado"},"content":{"rendered":"<p>A Opera\u00e7\u00e3o Cata-Tranqueira percorrer\u00e1 11 bairros da cidade de Mogi das Cruzes no s\u00e1bado (22\/01), das 7h \u00e0s 13h, e recolher\u00e1 materiais inserv\u00edveis como colch\u00f5es e m\u00f3veis usados. Ser\u00e3o atendidos a Vila Cardoso, Vila Paulista da Esta\u00e7\u00e3o, Vila Jundia\u00ed, Vila Bela Flor, Vila Nova Cintra, Jardim Cambuci, Jardim Nova Cerejeira, Vila S\u00e3o Francisco, Vila Paulista, Vila J\u00f3ia e Residencial Mirage. Na s\u00e1bado passado (15\/01), em sua primeira edi\u00e7\u00e3o do ano, a opera\u00e7\u00e3o percorreu Jundiapeba e a Vila Nova Jundiapeba e recolheu seis toneladas de material.<\/p>\n<p>&#8220;N\u00f3s iniciamos a programa\u00e7\u00e3o de 2011 em Jundiapeba e recolhemos seis toneladas de material. Foram utilizados cinco caminh\u00f5es, al\u00e9m dos funcion\u00e1rios. Trata-se de um trabalho muito importante, afinal parte desse material poderia ser descartada de forma irregular em rios e c\u00f3rregos da cidade, o que compromete a vaz\u00e3o das \u00e1guas em \u00e9pocas de chuva intensa, como a que estamos vivendo atualmente&#8221;, observa o secret\u00e1rio municipal de Servi\u00e7os Urbanos, engenheiro Nilmar de C\u00e1ssia Ferreira.<\/p>\n<p>A opera\u00e7\u00e3o \u00e9 realizada das 7h \u00e0s 13h. Avisados com anteced\u00eancia, os moradores separam o material que ser\u00e1 descartado em pequenos montes, que ficam em frente \u00e0s casas, facilitando o recolhimento. O secret\u00e1rio lembra que n\u00e3o s\u00e3o coletados materiais de constru\u00e7\u00e3o. O material \u00e9 armazenado no p\u00e1tio da Secretaria Municipal de Servi\u00e7os Urbanos e posteriormente segue para aterros legalizados<\/p>\n<p>A opera\u00e7\u00e3o ocorre semanalmente, sempre aos s\u00e1bados, e somente no ano passado foi respons\u00e1vel pela coleta de 329,5 toneladas de material. Por\u00e9m, apesar do trabalho realizado pela Secretaria de Servi\u00e7os Urbanos, muitas pessoas ainda realizam o despejo irregular de lixo &#8211; o que \u00e9 uma infra\u00e7\u00e3o tipificada em lei municipal. A Prefeitura realiza a fiscaliza\u00e7\u00e3o em toda a cidade, mas, pela pr\u00f3pria natureza dos atos, a contribui\u00e7\u00e3o da popula\u00e7\u00e3o \u00e9 importante para que seja poss\u00edvel flagrar e punir os respons\u00e1veis pelo despejo irregular de detritos. O telefone para den\u00fancias \u00e9 o 0800 770 1566 e funciona 24 horas por dia. (MAS)<\/p>\n<p><strong>Programa da Opera\u00e7\u00e3o Cata-Tranqueira<\/strong><\/p>\n<p><strong>(1\u00aa fase &#8211; 15 de janeiro a 30 de abril de 2011)<\/strong><br \/>\n<strong>Dia 22 de janeiro: <\/strong>Vila Cardoso, Vila Paulista da Esta\u00e7\u00e3o, Vila Jundia\u00ed, Vila Bela Flor, Vila Nova Cintra, Jardim Cambuc\u00ed, Jardim Nova Cerejeira, Vila S\u00e3o Francisco, Vila Paulista, Vila J\u00f3ia e Residencial Mirage<br \/>\n<strong>Dia 29 de janeiro:<\/strong> Socorro Velho, Br\u00e1s Cubas, Vila Wilson, Jardim Universo e Jardim Cec\u00edlia<br \/>\n<strong>Dia 5 de fevereiro: <\/strong>Conjunto do Bosque, Jardim Planalto, Jardim Pav\u00e3o, Santa Tereza, Jardim Apolo, Jardim Esperan\u00e7a, Jardim dos Amarais, Jardim Lair I, II e III, Jardim Aeroporto I, II e III, Jardim Sts Dumont I, II e III e Conjunto Santo \u00c2ngelo<br \/>\n<strong>Dia 12 de fevereiro:<\/strong> Vila Brasileira, Parque Ol\u00edmpico, Vila Pomar, Vila Melchizedech, Loteamento Alvorada, Vila Bela Vista<br \/>\n<strong>Dia 19 de fevereiro:<\/strong> Vila Ipiranga, Conjunto Bovolenta, Alto do Ipiranga, Ch\u00e1cara Jafet, Jardim Ivete e Parque Santana<br \/>\n<strong>Dia 26 de fevereiro: <\/strong>Residencial Jos\u00e9 Elias, Vila Rubens, Vila Cidinha, Ch\u00e1cara das Flores, Vila Celeste, Jardim Paulista, Vila Nancy, Vila Fl\u00e1vio, Vila Bernadotti, Vila Progresso, Vila Vit\u00f3ria, Vila Lav\u00ednia, Vila Cl\u00e9o, Alto Guaianazes e Vila S\u00e3o Sebasti\u00e3o<br \/>\n<strong>Dia 5 de mar\u00e7o:<\/strong> Jardim Aracy, Residencial Itapety, Ponte Grande, Rodeio, Jardim Maric\u00e1<br \/>\n<strong>Dia 12 de mar\u00e7o: <\/strong>Vila Industrial, Mogilar, Nova Mogilar<br \/>\n<strong>Dia 19 de mar\u00e7o (noturno):<\/strong> Centro, Jardim Esplanada, Parque Monte L\u00edbano, Vila Paterno, Vila Arm\u00eania, Vila Oliveira, Jardim S\u00e3o Jorge, Est\u00e2ncia dos Reis, Socorro, Jardim Santa Helena e Jardim Santista<br \/>\n<strong>Dia 26 de mar\u00e7o:<\/strong> Caputera, Jardim Camila, Vila Natal<br \/>\n<strong>Dia 2 de abril:<\/strong> Jardim das Ac\u00e1cias, Residencial Novo Horizonte, Mogi Moderno, Bertioguinha, Jardim Veneza, Vila Ressaca, Alto da Boa Vista, Jardim S\u00e3o Francisco, Jardim Jussara<br \/>\n<strong>Dia 9 de abril:<\/strong> Jardim Para\u00edso, Jardim Nataly, Conjunto Ana Paula, Vila da Prata, Conjunto S\u00e3o Sebasti\u00e3o, Parque Morumbi, Cidade Jardim, Residencial Rubi, Jardim Primavera, Vila Nova Uni\u00e3o e Conjnto Toyama<br \/>\n<strong>Dia 16 de abril: <\/strong>Vila Su\u00edssa, Botujuru, Vila S\u00e3o Paulo, Jardim S\u00e3o Pedro, Vila Nova Aparecida, Jardim das Bandeiras e Conjunto Jefferson<br \/>\n<strong>Dia 23 de abril: <\/strong>Condom\u00ednio Aru\u00e3<br \/>\n<strong>Dia 30 de abril: <\/strong>Saba\u00fana e Taia\u00e7upeba<\/p>\n<p><em>Fonte: <\/em>Secom Mogi das Cruzes<\/p>\n","protected":false},"excerpt":{"rendered":"<p>A Opera\u00e7\u00e3o Cata-Tranqueira percorrer\u00e1 11 bairros da cidade de Mogi das Cruzes no s\u00e1bado (22\/01), das 7h \u00e0s 13h, e recolher\u00e1 materiais inserv\u00edveis como colch\u00f5es e m\u00f3veis usados. Ser\u00e3o atendidos a Vila Cardoso, Vila Paulista da Esta\u00e7\u00e3o, Vila Jundia\u00ed, Vila Bela Flor, Vila Nova Cintra, Jardim Cambuci, Jardim Nova Cerejeira, Vila S\u00e3o Francisco, Vila Paulista, [&hellip;]<\/p>\n","protected":false},"author":1,"featured_media":0,"comment_status":"open","ping_status":"open","sticky":false,"template":"","format":"standard","meta":{"footnotes":""},"categories":[8],"tags":[14],"class_list":["post-106","post","type-post","status-publish","format-standard","hentry","category-servicos-mogi-das-cruzes","tag-mogi-das-cruzes"],"_links":{"self":[{"href":"https:\/\/www.encontramogidascruzes.com.br\/noticias\/wp-json\/wp\/v2\/posts\/106","targetHints":{"allow":["GET"]}}],"collection":[{"href":"https:\/\/www.encontramogidascruzes.com.br\/noticias\/wp-json\/wp\/v2\/posts"}],"about":[{"href":"https:\/\/www.encontramogidascruzes.com.br\/noticias\/wp-json\/wp\/v2\/types\/post"}],"author":[{"embeddable":true,"href":"https:\/\/www.encontramogidascruzes.com.br\/noticias\/wp-json\/wp\/v2\/users\/1"}],"replies":[{"embeddable":true,"href":"https:\/\/www.encontramogidascruzes.com.br\/noticias\/wp-json\/wp\/v2\/comments?post=106"}],"version-history":[{"count":0,"href":"https:\/\/www.encontramogidascruzes.com.br\/noticias\/wp-json\/wp\/v2\/posts\/106\/revisions"}],"wp:attachment":[{"href":"https:\/\/www.encontramogidascruzes.com.br\/noticias\/wp-json\/wp\/v2\/media?parent=106"}],"wp:term":[{"taxonomy":"category","embeddable":true,"href":"https:\/\/www.encontramogidascruzes.com.br\/noticias\/wp-json\/wp\/v2\/categories?post=106"},{"taxonomy":"post_tag","embeddable":true,"href":"https:\/\/www.encontramogidascruzes.com.br\/noticias\/wp-json\/wp\/v2\/tags?post=106"}],"curies":[{"name":"wp","href":"https:\/\/api.w.org\/{rel}","templated":true}]}}