{"id":1148,"date":"2013-01-08T09:05:59","date_gmt":"2013-01-08T12:05:59","guid":{"rendered":"http:\/\/www.encontramogidascruzes.com.br\/noticias\/?p=1148"},"modified":"2013-08-13T16:52:15","modified_gmt":"2013-08-13T19:52:15","slug":"recesso-das-creches-em-aruja-prejudica-maes","status":"publish","type":"post","link":"https:\/\/www.encontramogidascruzes.com.br\/noticias\/recesso-das-creches-em-aruja-prejudica-maes\/","title":{"rendered":"Recesso das creches em Aruj\u00e1 prejudica m\u00e3es"},"content":{"rendered":"<p>No m\u00eas de janeiro, as 19 creches municipais e 80 subvencionadas de Mogi das Cruzes, na regi\u00e3o Metropolitana de S\u00e3o Paulo, entram em recesso por conta das f\u00e9rias. As aulas das cerca de 10 mil crian\u00e7as entre 4 meses e 5 anos atendidas pelo servi\u00e7o terminam no m\u00eas de dezembro e s\u00f3 voltam no come\u00e7o de fevereiro. Quem sofre com a suspens\u00e3o do servi\u00e7o s\u00e3o as m\u00e3es dos alunos que continuam trabalhando nesse per\u00edodo.<\/p>\n<p>Nath\u00e1lia Ribeiro Cubas do Santos mora no distrito de Br\u00e1s Cubas, em Mogi das Cruzes, e trabalha no hor\u00e1rio comercial, das 8h \u00e0s 18h. Quando chega nessa \u00e9poca de f\u00e9rias \u00e9 sempre complicado para a consultora financeira ir trabalhar. Ela precisa quebrar a cabe\u00e7a para arrumar algu\u00e9m de confian\u00e7a que fique com a filha de 3 anos. &#8220;Tenho que pedir para uma tia ficar com minha filha. Chego a gastar R$ 250 a mais nesses quase dois meses de recesso. Um gasto que pesa no meu or\u00e7amento.&#8221;<\/p>\n<p>Em rela\u00e7\u00e3o \u00e0 suspens\u00e3o das aulas nas creches, a Secretaria de Educa\u00e7\u00e3o de Mogi das Cruzes orienta que as m\u00e3es se programem para sair de f\u00e9rias junto, no mesmo per\u00edodo das f\u00e9rias escolares de seus filhos. A secretaria ainda informa que esse recesso \u00e9 importante para as crian\u00e7as se desenvolverem emocionalmente a partir do conv\u00edvio familiar, e tamb\u00e9m para sa\u00edrem da rotina escolar.<\/p>\n<p>Das dez cidades do Alto Tiet\u00ea, apenas as creches de Mogi das Cruzes, Aruj\u00e1 e Sales\u00f3polis n\u00e3o fazem esquema especial nas f\u00e9rias. Os demais munic\u00edpios: Po\u00e1, Suzano, Ferraz de Vasconcelos, Biritiba Mirim, Santa Isabel, cidade Itaquaquecetuba e Guararema , n\u00e3o paralisam totalmente as aulas nessa \u00e9poca.<\/p>\n<p><em>Fonte: G1<\/em><\/p>\n","protected":false},"excerpt":{"rendered":"<p>No m\u00eas de janeiro, as 19 creches municipais e 80 subvencionadas de Mogi das Cruzes, na regi\u00e3o Metropolitana de S\u00e3o Paulo, entram em recesso por conta das f\u00e9rias. As aulas das cerca de 10 mil crian\u00e7as entre 4 meses e 5 anos atendidas pelo servi\u00e7o terminam no m\u00eas de dezembro e s\u00f3 voltam no come\u00e7o [&hellip;]<\/p>\n","protected":false},"author":1,"featured_media":0,"comment_status":"open","ping_status":"open","sticky":false,"template":"","format":"standard","meta":{"footnotes":""},"categories":[6],"tags":[],"class_list":["post-1148","post","type-post","status-publish","format-standard","hentry","category-noticias-mogi-das-cruzes"],"_links":{"self":[{"href":"https:\/\/www.encontramogidascruzes.com.br\/noticias\/wp-json\/wp\/v2\/posts\/1148","targetHints":{"allow":["GET"]}}],"collection":[{"href":"https:\/\/www.encontramogidascruzes.com.br\/noticias\/wp-json\/wp\/v2\/posts"}],"about":[{"href":"https:\/\/www.encontramogidascruzes.com.br\/noticias\/wp-json\/wp\/v2\/types\/post"}],"author":[{"embeddable":true,"href":"https:\/\/www.encontramogidascruzes.com.br\/noticias\/wp-json\/wp\/v2\/users\/1"}],"replies":[{"embeddable":true,"href":"https:\/\/www.encontramogidascruzes.com.br\/noticias\/wp-json\/wp\/v2\/comments?post=1148"}],"version-history":[{"count":0,"href":"https:\/\/www.encontramogidascruzes.com.br\/noticias\/wp-json\/wp\/v2\/posts\/1148\/revisions"}],"wp:attachment":[{"href":"https:\/\/www.encontramogidascruzes.com.br\/noticias\/wp-json\/wp\/v2\/media?parent=1148"}],"wp:term":[{"taxonomy":"category","embeddable":true,"href":"https:\/\/www.encontramogidascruzes.com.br\/noticias\/wp-json\/wp\/v2\/categories?post=1148"},{"taxonomy":"post_tag","embeddable":true,"href":"https:\/\/www.encontramogidascruzes.com.br\/noticias\/wp-json\/wp\/v2\/tags?post=1148"}],"curies":[{"name":"wp","href":"https:\/\/api.w.org\/{rel}","templated":true}]}}