{"id":117,"date":"2011-01-27T19:21:27","date_gmt":"2011-01-27T19:21:27","guid":{"rendered":"http:\/\/www.encontramogidascruzes.com.br\/noticias\/?p=117"},"modified":"2011-01-27T19:21:27","modified_gmt":"2011-01-27T19:21:27","slug":"mogi-das-cruzes-tera-mais-28-cameras-de-seguranca-ate-sabado","status":"publish","type":"post","link":"https:\/\/www.encontramogidascruzes.com.br\/noticias\/mogi-das-cruzes-tera-mais-28-cameras-de-seguranca-ate-sabado\/","title":{"rendered":"Mogi das Cruzes ter\u00e1 mais 28 c\u00e2meras de seguran\u00e7a at\u00e9 s\u00e1bado"},"content":{"rendered":"<p>At\u00e9 s\u00e1bado, as principais ruas e avenidas de Mogi das Cruzes ganhar\u00e3o mais 28 c\u00e2meras de monitoramento, que ser\u00e3o controladas pela Central Integrada de Emerg\u00eancias P\u00fablicas (Ciemp) da Prefeitura, um investimento de R$ 1,9 milh\u00e3o. A empresa vencedora do processo licitat\u00f3rio, a Petcom Peltier, respons\u00e1vel pela instala\u00e7\u00e3o, assinou o contrato com a poder p\u00fablico em agosto de 2010 e est\u00e1 na fase final dos trabalhos. No total, a cidade passar\u00e1 a contar com 60 c\u00e2meras, que ter\u00e3o a finalidade de proporcionar maior seguran\u00e7a aos mogianos.<\/p>\n<p>De acordo com o secret\u00e1rio municipal de Seguran\u00e7a, Eli Nepomuceno, al\u00e9m dos novos aparelhos, foi refeita toda a estrutura de funcionamento, que agora passar\u00e1 a contar com a tecnologia da fibra \u00f3tica. &#8220;Antes, t\u00ednhamos apenas 40 quil\u00f4metros de fibra \u00f3tica, agora, passaremos a ter 110 quil\u00f4metros, que poder\u00e3o ser usados por outras \u00e1reas do governo, como Sa\u00fade e Educa\u00e7\u00e3o&#8221;, descreveu. Al\u00e9m disso, a Ciemp tamb\u00e9m ter\u00e1 um novo software de gerenciamento.<\/p>\n<p>A aquisi\u00e7\u00e3o destas novas c\u00e2meras \u00e9 parte do projeto de reestrutura\u00e7\u00e3o da pasta, que prev\u00ea outras iniciativas para equipar a Guarda Civil Municipal e a Defesa Civil. Segundo Nepomuceno, a Ciemp conta com um sistema telef\u00f4nico de capta\u00e7\u00e3o de queixas e den\u00fancias que faz 200 atendimentos por dia.<\/p>\n<p>Nepomuceno defende a efic\u00e1cia do monitoramento por c\u00e2meras e garante que elas ajudam a proporcionar a seguran\u00e7a da popula\u00e7\u00e3o. Um levantamento recente aponta que, desde a cria\u00e7\u00e3o do sistema, em 2005, foram registradas mais de 160 ocorr\u00eancias e cerca de 270 pessoas foram detidas com a ajuda do monitoramento. Toda a regi\u00e3o central passa a contar com o monitoramento, bem como as \u00e1reas comerciais de Jundiapeba, Br\u00e1s Cubas, Jardim Universo, C\u00e9sar de Souza e Vila Nova Mogilar, al\u00e9m de todas as entradas e sa\u00eddas do munic\u00edpio e o Centro C\u00edvico.<\/p>\n<p>&#8220;N\u00f3s registramos flagrantes quase todos os dias, porque nosso monitoramento \u00e9 24 horas. Em todas as ocorr\u00eancias, acionamos a Guarda Municipal nas ruas e as pol\u00edcias Civil e Militar, que, de imediato, conseguem fazer a abordagem. Na semana passada, por exemplo, nossas c\u00e2meras flagraram um senhor sendo roubado. No mesmo momento, comunicamos a pol\u00edcia, que agiu a tempo de capturar o indiv\u00edduo&#8221;.<\/p>\n<p><strong>Mais seguran\u00e7a<\/strong><\/p>\n<p>Nepomuceno explicou que, al\u00e9m destes, h\u00e1 tr\u00eas aparelhos instalados na base da Pol\u00edcia Militar da pra\u00e7a Oswaldo Cruz, que tamb\u00e9m s\u00e3o integradas ao sistema municipal. Todo o centro comercial tem o monitoramento, que garante, segundo ele, mais seguran\u00e7a, tanto para empres\u00e1rios quanto para consumidores. O secret\u00e1rio lembrou de outro epis\u00f3dio que o sistema conseguiu ajudar a desvendar. &#8220;Nossas c\u00e2meras captaram um homem transitando na rua com uma faca nas m\u00e3os. Num primeiro momento, tanto n\u00f3s quanto a pol\u00edcia ach\u00e1vamos que se tratava de uma assaltante, mas, ao abord\u00e1-lo, verificou-se que era uma pessoa que sofria de dist\u00farbios mentais e que estava sendo procurada h\u00e1 dez anos&#8221;.<\/p>\n<p><em>Fonte: Mogi News<\/em><\/p>\n","protected":false},"excerpt":{"rendered":"<p>At\u00e9 s\u00e1bado, as principais ruas e avenidas de Mogi das Cruzes ganhar\u00e3o mais 28 c\u00e2meras de monitoramento, que ser\u00e3o controladas pela Central Integrada de Emerg\u00eancias P\u00fablicas (Ciemp) da Prefeitura, um investimento de R$ 1,9 milh\u00e3o. A empresa vencedora do processo licitat\u00f3rio, a Petcom Peltier, respons\u00e1vel pela instala\u00e7\u00e3o, assinou o contrato com a poder p\u00fablico em [&hellip;]<\/p>\n","protected":false},"author":1,"featured_media":0,"comment_status":"open","ping_status":"open","sticky":false,"template":"","format":"standard","meta":{"footnotes":""},"categories":[6],"tags":[14],"class_list":["post-117","post","type-post","status-publish","format-standard","hentry","category-noticias-mogi-das-cruzes","tag-mogi-das-cruzes"],"_links":{"self":[{"href":"https:\/\/www.encontramogidascruzes.com.br\/noticias\/wp-json\/wp\/v2\/posts\/117","targetHints":{"allow":["GET"]}}],"collection":[{"href":"https:\/\/www.encontramogidascruzes.com.br\/noticias\/wp-json\/wp\/v2\/posts"}],"about":[{"href":"https:\/\/www.encontramogidascruzes.com.br\/noticias\/wp-json\/wp\/v2\/types\/post"}],"author":[{"embeddable":true,"href":"https:\/\/www.encontramogidascruzes.com.br\/noticias\/wp-json\/wp\/v2\/users\/1"}],"replies":[{"embeddable":true,"href":"https:\/\/www.encontramogidascruzes.com.br\/noticias\/wp-json\/wp\/v2\/comments?post=117"}],"version-history":[{"count":0,"href":"https:\/\/www.encontramogidascruzes.com.br\/noticias\/wp-json\/wp\/v2\/posts\/117\/revisions"}],"wp:attachment":[{"href":"https:\/\/www.encontramogidascruzes.com.br\/noticias\/wp-json\/wp\/v2\/media?parent=117"}],"wp:term":[{"taxonomy":"category","embeddable":true,"href":"https:\/\/www.encontramogidascruzes.com.br\/noticias\/wp-json\/wp\/v2\/categories?post=117"},{"taxonomy":"post_tag","embeddable":true,"href":"https:\/\/www.encontramogidascruzes.com.br\/noticias\/wp-json\/wp\/v2\/tags?post=117"}],"curies":[{"name":"wp","href":"https:\/\/api.w.org\/{rel}","templated":true}]}}