{"id":1335,"date":"2013-06-03T01:08:13","date_gmt":"2013-06-03T04:08:13","guid":{"rendered":"http:\/\/www.encontramogidascruzes.com.br\/noticias\/?p=1335"},"modified":"2013-08-13T16:56:44","modified_gmt":"2013-08-13T19:56:44","slug":"mogi-capacita-equipe-para-o-programa-nacional-de-suplementacao-da-vitamina-a","status":"publish","type":"post","link":"https:\/\/www.encontramogidascruzes.com.br\/noticias\/mogi-capacita-equipe-para-o-programa-nacional-de-suplementacao-da-vitamina-a\/","title":{"rendered":"Mogi capacita equipe para o Programa Nacional de Suplementa\u00e7\u00e3o da Vitamina A"},"content":{"rendered":"<p>A Secretaria Municipal de Sa\u00fade na cidade Mogi das Cruzes promoveu na \u00faltima quarta-feira (29\/5) uma capacita\u00e7\u00e3o t\u00e9cnica sobre o Programa Nacional de Suplementa\u00e7\u00e3o de Vitamina A, institu\u00eddo pelo Minist\u00e9rio da Sa\u00fade com o objetivo de reduzir e controlar a defici\u00eancia nutricional de vitamina A em crian\u00e7as menores de cinco anos. Na cidade de Mogi das Cruzes, o programa come\u00e7ar\u00e1 no dia 8 de junho, aproveitando a ida das crian\u00e7as aos postos de sa\u00fade para a Campanha Nacional de Vacina\u00e7\u00e3o contra a Paralisia Infantil.<\/p>\n<p>A capacita\u00e7\u00e3o \u00e9 voltada para os t\u00e9cnicos das salas de vacina de todas as unidades de sa\u00fade, j\u00e1 que a dose ser\u00e1 aplicada de forma presencial, diretamente na boca da crian\u00e7a. \u201cEm Mogi das Cruzes, \u00e9 rotina na pediatria a utiliza\u00e7\u00e3o do medicamento Ad-til em crian\u00e7as de seis a 18 meses, portanto o novo programa ser\u00e1 implantado a partir dos 18 meses\u201d, explica o secret\u00e1rio municipal de Sa\u00fade, Paulo Villas B\u00f4as de Carvalho. Em Mogi, estima-se que o novo programa atender\u00e1 cerca de 30 mil crian\u00e7as.<\/p>\n<p>No treinamento, s\u00e3o abordados os objetivos do programa, implanta\u00e7\u00e3o e resultados esperados. A iniciativa \u00e9 justificada pela Pesquisa Nacional de Demografia e Sa\u00fade da Crian\u00e7a e da Mulher (PNDS-2006), onde foi observado que 17,4% das crian\u00e7as e 12,3% das mulheres da popula\u00e7\u00e3o brasileira apresentavam n\u00edveis inadequados de vitamina A, considerando que as maiores preval\u00eancias em crian\u00e7as foram encontradas no Nordeste (19%) e Sudeste (21,6%). Estudos mostraram que a suplementa\u00e7\u00e3o de vitamina reduz o risco global de morte em 24% e de mortalidade por diarreia em 28%. Em crian\u00e7as portadoras de HIV, o risco de mortalidade \u00e9 reduzido em 45% com o uso da vitamina A.<\/p>\n<p>Segundo a Organiza\u00e7\u00e3o Mundial de Sa\u00fade (OMS), a suplementa\u00e7\u00e3o profil\u00e1tica de Vitamina A deve fazer parte de um conjunto de estrat\u00e9gias para a melhoria da ingest\u00e3o desse nutriente, associada \u00e0 diversifica\u00e7\u00e3o da dieta. A defici\u00eancia desta vitamina pode manifestar problemas oculares, como a diminui\u00e7\u00e3o da sensibilidade \u00e0 luz levando at\u00e9 a cegueira parcial ou total. \u201cAs fontes alimentares da vitamina A s\u00e3o as carnes vermelhas e as frutas e legumes de cor amarelo-alaranjado como ab\u00f3bora, mam\u00e3o e cenoura, ricos em betacaroteno\u201d, explica a nutricionista da Secretaria de Sa\u00fade, Tatiane Watanabe.<\/p>\n<p>Segundo ela, o programa ser\u00e1 implantado em etapas. Na primeira, que come\u00e7a no m\u00eas de junho, ser\u00e3o assistidas as crian\u00e7as com idade entre 4 anos e seis meses e 4 anos, 11 meses e 29 dias. \u201c\u00c9 fundamental que todas as crian\u00e7as compare\u00e7am \u00e0s unidades de sa\u00fade munidas da caderneta de vacina\u00e7\u00e3o para registrarmos a aplica\u00e7\u00e3o da dose\u201d, acrescenta a nutricionista. Confira abaixo o cronograma de atendimento \u00e0s crian\u00e7as:<\/p>\n<p><strong>Per\u00edodo de atendimento Crian\u00e7as assistidas<\/strong><\/p>\n<p>JUNHO 4 anos e 6 meses a 4 anos, 11 meses e 29 dias<br \/>\nJULHO 4 anos a 4 anos, 5 meses e 29 dias<br \/>\nAGOSTO 3 anos a 3 anos, 11 meses e 29 dias<br \/>\nSETEMBRO 2 anos a 2 anos, 11 meses e 29 dias<br \/>\nOUTUBRO 1 ano e 6 meses a 1 ano, 11 meses e 29 dias<\/p>\n<p><em>Fonte: Prefeitura Mogi das Cruzes<\/em><\/p>\n","protected":false},"excerpt":{"rendered":"<p>A Secretaria Municipal de Sa\u00fade na cidade Mogi das Cruzes promoveu na \u00faltima quarta-feira (29\/5) uma capacita\u00e7\u00e3o t\u00e9cnica sobre o Programa Nacional de Suplementa\u00e7\u00e3o de Vitamina A, institu\u00eddo pelo Minist\u00e9rio da Sa\u00fade com o objetivo de reduzir e controlar a defici\u00eancia nutricional de vitamina A em crian\u00e7as menores de cinco anos. Na cidade de Mogi [&hellip;]<\/p>\n","protected":false},"author":1,"featured_media":0,"comment_status":"open","ping_status":"open","sticky":false,"template":"","format":"standard","meta":{"footnotes":""},"categories":[6],"tags":[],"class_list":["post-1335","post","type-post","status-publish","format-standard","hentry","category-noticias-mogi-das-cruzes"],"_links":{"self":[{"href":"https:\/\/www.encontramogidascruzes.com.br\/noticias\/wp-json\/wp\/v2\/posts\/1335","targetHints":{"allow":["GET"]}}],"collection":[{"href":"https:\/\/www.encontramogidascruzes.com.br\/noticias\/wp-json\/wp\/v2\/posts"}],"about":[{"href":"https:\/\/www.encontramogidascruzes.com.br\/noticias\/wp-json\/wp\/v2\/types\/post"}],"author":[{"embeddable":true,"href":"https:\/\/www.encontramogidascruzes.com.br\/noticias\/wp-json\/wp\/v2\/users\/1"}],"replies":[{"embeddable":true,"href":"https:\/\/www.encontramogidascruzes.com.br\/noticias\/wp-json\/wp\/v2\/comments?post=1335"}],"version-history":[{"count":0,"href":"https:\/\/www.encontramogidascruzes.com.br\/noticias\/wp-json\/wp\/v2\/posts\/1335\/revisions"}],"wp:attachment":[{"href":"https:\/\/www.encontramogidascruzes.com.br\/noticias\/wp-json\/wp\/v2\/media?parent=1335"}],"wp:term":[{"taxonomy":"category","embeddable":true,"href":"https:\/\/www.encontramogidascruzes.com.br\/noticias\/wp-json\/wp\/v2\/categories?post=1335"},{"taxonomy":"post_tag","embeddable":true,"href":"https:\/\/www.encontramogidascruzes.com.br\/noticias\/wp-json\/wp\/v2\/tags?post=1335"}],"curies":[{"name":"wp","href":"https:\/\/api.w.org\/{rel}","templated":true}]}}