{"id":1370,"date":"2013-06-27T00:04:06","date_gmt":"2013-06-27T03:04:06","guid":{"rendered":"http:\/\/www.encontramogidascruzes.com.br\/noticias\/?p=1370"},"modified":"2013-06-26T15:04:36","modified_gmt":"2013-06-26T18:04:36","slug":"escolas-municipais-de-mogi-terao-ferias-em-outubro","status":"publish","type":"post","link":"https:\/\/www.encontramogidascruzes.com.br\/noticias\/escolas-municipais-de-mogi-terao-ferias-em-outubro\/","title":{"rendered":"Escolas municipais de Mogi ter\u00e3o f\u00e9rias em outubro"},"content":{"rendered":"<p>A Prefeitura de Mogi das Cruzes confirmou o per\u00edodo de f\u00e9rias escolares na rede de ensino para outubro. De acordo com a administra\u00e7\u00e3o, se o munic\u00edpio sediar os Jogos Abertos do Interior no segundo semestre ou n\u00e3o, o recesso acontecer\u00e1 neste per\u00edodo.<\/p>\n<p>Segundo a Prefeitura, o calend\u00e1rio das escolas j\u00e1 estava programado. Desta forma, os 22.776 alunos da rede n\u00e3o ter\u00e3o aulas durante tr\u00eas dias na semana do feriado de 9 de julho. As f\u00e9rias em outubro acontecer\u00e3o entre os dias 14 a 26.<\/p>\n<p>Segundo a Secretaria Municipal de Educa\u00e7\u00e3o, mesmo que a cidade n\u00e3o tenha os jogos n\u00e3o seria poss\u00edvel cancelar o recesso at\u00e9 em fun\u00e7\u00e3o do planejamento dos profissionais da educa\u00e7\u00e3o para o per\u00edodo das f\u00e9rias.<\/p>\n<p>Na rede estadual, 50 escolas tamb\u00e9m t\u00eam f\u00e9rias agendadas para outubro, porque, assim como os pr\u00e9dios da rede municipal, elas servir\u00e3o de alojamento para os atletas. A Secretaria Estadual de Educa\u00e7\u00e3o informou que mant\u00e9m o recesso em outubro porque n\u00e3o foi informada oficialmente sobre o cancelamento dos Jogos Abertos em Mogi das Cruzes.<\/p>\n<p><em>Fonte: G1<\/em><\/p>\n","protected":false},"excerpt":{"rendered":"<p>A Prefeitura de Mogi das Cruzes confirmou o per\u00edodo de f\u00e9rias escolares na rede de ensino para outubro. De acordo com a administra\u00e7\u00e3o, se o munic\u00edpio sediar os Jogos Abertos do Interior no segundo semestre ou n\u00e3o, o recesso acontecer\u00e1 neste per\u00edodo. Segundo a Prefeitura, o calend\u00e1rio das escolas j\u00e1 estava programado. Desta forma, os [&hellip;]<\/p>\n","protected":false},"author":1,"featured_media":0,"comment_status":"open","ping_status":"open","sticky":false,"template":"","format":"standard","meta":{"footnotes":""},"categories":[6],"tags":[],"class_list":["post-1370","post","type-post","status-publish","format-standard","hentry","category-noticias-mogi-das-cruzes"],"_links":{"self":[{"href":"https:\/\/www.encontramogidascruzes.com.br\/noticias\/wp-json\/wp\/v2\/posts\/1370","targetHints":{"allow":["GET"]}}],"collection":[{"href":"https:\/\/www.encontramogidascruzes.com.br\/noticias\/wp-json\/wp\/v2\/posts"}],"about":[{"href":"https:\/\/www.encontramogidascruzes.com.br\/noticias\/wp-json\/wp\/v2\/types\/post"}],"author":[{"embeddable":true,"href":"https:\/\/www.encontramogidascruzes.com.br\/noticias\/wp-json\/wp\/v2\/users\/1"}],"replies":[{"embeddable":true,"href":"https:\/\/www.encontramogidascruzes.com.br\/noticias\/wp-json\/wp\/v2\/comments?post=1370"}],"version-history":[{"count":0,"href":"https:\/\/www.encontramogidascruzes.com.br\/noticias\/wp-json\/wp\/v2\/posts\/1370\/revisions"}],"wp:attachment":[{"href":"https:\/\/www.encontramogidascruzes.com.br\/noticias\/wp-json\/wp\/v2\/media?parent=1370"}],"wp:term":[{"taxonomy":"category","embeddable":true,"href":"https:\/\/www.encontramogidascruzes.com.br\/noticias\/wp-json\/wp\/v2\/categories?post=1370"},{"taxonomy":"post_tag","embeddable":true,"href":"https:\/\/www.encontramogidascruzes.com.br\/noticias\/wp-json\/wp\/v2\/tags?post=1370"}],"curies":[{"name":"wp","href":"https:\/\/api.w.org\/{rel}","templated":true}]}}