{"id":2198,"date":"2013-08-30T12:19:01","date_gmt":"2013-08-30T15:19:01","guid":{"rendered":"http:\/\/www.encontramogidascruzes.com.br\/noticias\/?p=2198"},"modified":"2013-08-30T12:19:01","modified_gmt":"2013-08-30T15:19:01","slug":"mogilar-tera-operacao-especial-de-transito-neste-domingo-para-o-desfile-civico-militar","status":"publish","type":"post","link":"https:\/\/www.encontramogidascruzes.com.br\/noticias\/mogilar-tera-operacao-especial-de-transito-neste-domingo-para-o-desfile-civico-militar\/","title":{"rendered":"Mogilar ter\u00e1 opera\u00e7\u00e3o especial de tr\u00e2nsito neste domingo para o Desfile C\u00edvico-Militar"},"content":{"rendered":"<p>A Secretaria Municipal de Transportes preparou uma opera\u00e7\u00e3o especial de tr\u00e2nsito para a manh\u00e3 deste domingo (01\/09) para a realiza\u00e7\u00e3o do Desfile C\u00edvico-Militar em comemora\u00e7\u00e3o aos 453 anos de Mogi das Cruzes. Algumas vias na regi\u00e3o da avenida C\u00edvica, no Mogilar, ter\u00e3o interdi\u00e7\u00e3o para a passagem de ve\u00edculos, enquanto outras ter\u00e3o permiss\u00e3o especial para estacionamento.<\/p>\n<p>As interdi\u00e7\u00f5es na avenida C\u00edvica e na rua Professor Ismael Alves dos Santos come\u00e7ar\u00e3o a partir das 7h30. A primeira via ter\u00e1 interdi\u00e7\u00e3o total, j\u00e1 que receber\u00e1 os participantes do desfile. J\u00e1 na segunda, o tr\u00e2nsito sentido Terminal Rodovi\u00e1rio \u2013 Mogilar ter\u00e1 interdi\u00e7\u00e3o no acesso da avenida Francisco Rodrigues Filho. J\u00e1 no outro sentido, a interrup\u00e7\u00e3o do fluxo acontecer\u00e1 na altura da loja Dicico. Al\u00e9m disso, a rua Mazuzo Naniwa ter\u00e1 apenas tr\u00e2nsito local.<\/p>\n<p>As op\u00e7\u00f5es para os motoristas que utilizam a rua Professor Ismael Alves dos Santos s\u00e3o a avenida Francisco Rodrigues Filho e o corredor formado pelas avenidas Carlos Barattino e Yoshiteru Onishi.<\/p>\n<p>Quatro equipes de agentes de tr\u00e2nsito estar\u00e3o em pontos chave da regi\u00e3o para orienta\u00e7\u00e3o dos motoristas. Al\u00e9m disso, equipes da Guarda Municipal tamb\u00e9m estar\u00e3o na regi\u00e3o. A expectativa \u00e9 que o tr\u00e2nsito volte \u00e0 normalidade por volta do meio-dia.<\/p>\n<p>J\u00e1 para atender aos consumidores que ir\u00e3o ao Mercado do Produtor, a Secretaria Municipal de Transportes ir\u00e1 permitir o estacionamento de ve\u00edculos na avenida Carlos Barattino e em trechos das avenidas Prefeito Carlos Ferreira Lopes e Yoshiteru Onishi. Outra op\u00e7\u00e3o para a parada dos ve\u00edculos ser\u00e1 o trecho liberado ao tr\u00e1fego da rua Professor Ismael Alves dos Santos.<\/p>\n<p><b>Desfile<\/b><\/p>\n<p>O Desfile-Militar em comemora\u00e7\u00e3o aos 453 anos do munic\u00edpio acontecer\u00e1 neste domingo (01\/09), a partir das 9 horas, e ter\u00e1 como tema \u201cMogi das Cruzes: Uma Cidade Educadora\u201d. Cerca de duas mil pessoas participar\u00e3o do evento, que apresentar\u00e1 os distritos mogianos, as a\u00e7\u00f5es e destaques da cidade.<\/p>\n<p>As escolas e institui\u00e7\u00f5es representar\u00e3o os distritos da cidade. Al\u00e9m dos distritos, o desfile tamb\u00e9m conta com a parte militar com a presen\u00e7a das Policias Civil, Militar, Ambiental e Rodovi\u00e1ria, al\u00e9m do Corpo de Bombeiros e Guarda Municipal. Participantes de programas desenvolvidos pela Prefeitura tamb\u00e9m estar\u00e3o presentes, al\u00e9m de fanfarras e bandas, que prometem animar o p\u00fablico.<\/p>\n","protected":false},"excerpt":{"rendered":"<p>A Secretaria Municipal de Transportes preparou uma opera\u00e7\u00e3o especial de tr\u00e2nsito para a manh\u00e3 deste domingo (01\/09) para a realiza\u00e7\u00e3o do Desfile C\u00edvico-Militar em comemora\u00e7\u00e3o aos 453 anos de Mogi das Cruzes. Algumas vias na regi\u00e3o da avenida C\u00edvica, no Mogilar, ter\u00e3o interdi\u00e7\u00e3o para a passagem de ve\u00edculos, enquanto outras ter\u00e3o permiss\u00e3o especial para estacionamento. [&hellip;]<\/p>\n","protected":false},"author":1,"featured_media":0,"comment_status":"open","ping_status":"open","sticky":false,"template":"","format":"standard","meta":{"footnotes":""},"categories":[6],"tags":[],"class_list":["post-2198","post","type-post","status-publish","format-standard","hentry","category-noticias-mogi-das-cruzes"],"_links":{"self":[{"href":"https:\/\/www.encontramogidascruzes.com.br\/noticias\/wp-json\/wp\/v2\/posts\/2198","targetHints":{"allow":["GET"]}}],"collection":[{"href":"https:\/\/www.encontramogidascruzes.com.br\/noticias\/wp-json\/wp\/v2\/posts"}],"about":[{"href":"https:\/\/www.encontramogidascruzes.com.br\/noticias\/wp-json\/wp\/v2\/types\/post"}],"author":[{"embeddable":true,"href":"https:\/\/www.encontramogidascruzes.com.br\/noticias\/wp-json\/wp\/v2\/users\/1"}],"replies":[{"embeddable":true,"href":"https:\/\/www.encontramogidascruzes.com.br\/noticias\/wp-json\/wp\/v2\/comments?post=2198"}],"version-history":[{"count":0,"href":"https:\/\/www.encontramogidascruzes.com.br\/noticias\/wp-json\/wp\/v2\/posts\/2198\/revisions"}],"wp:attachment":[{"href":"https:\/\/www.encontramogidascruzes.com.br\/noticias\/wp-json\/wp\/v2\/media?parent=2198"}],"wp:term":[{"taxonomy":"category","embeddable":true,"href":"https:\/\/www.encontramogidascruzes.com.br\/noticias\/wp-json\/wp\/v2\/categories?post=2198"},{"taxonomy":"post_tag","embeddable":true,"href":"https:\/\/www.encontramogidascruzes.com.br\/noticias\/wp-json\/wp\/v2\/tags?post=2198"}],"curies":[{"name":"wp","href":"https:\/\/api.w.org\/{rel}","templated":true}]}}