{"id":254,"date":"2011-05-05T14:21:46","date_gmt":"2011-05-05T17:21:46","guid":{"rendered":"http:\/\/www.encontramogidascruzes.com.br\/noticias\/?p=254"},"modified":"2013-08-13T16:52:13","modified_gmt":"2013-08-13T19:52:13","slug":"mogi-das-cruzes-ja-vacinou-mais-de-18-mil-pessoas-contra-a-gripe","status":"publish","type":"post","link":"https:\/\/www.encontramogidascruzes.com.br\/noticias\/mogi-das-cruzes-ja-vacinou-mais-de-18-mil-pessoas-contra-a-gripe\/","title":{"rendered":"Mogi das Cruzes j\u00e1 vacinou mais de 18 mil pessoas contra a gripe"},"content":{"rendered":"<p>Quem ainda n\u00e3o tomou a vacina contra gripe deve procurar um Posto de  Sa\u00fade ou unidade do Programa Sa\u00fade da Fam\u00edlia (PSF) at\u00e9 o dia 13 maio.  Neste ano, a Campanha Nacional de Vacina\u00e7\u00e3o Contra a Influenza ampliou o  p\u00fablico-alvo e est\u00e1 disponibilizando a dose para, al\u00e9m dos idosos e  povos ind\u00edgenas, tamb\u00e9m gestantes, crian\u00e7as de seis a 23 meses,  trabalhadores na sa\u00fade e portadores de doen\u00e7as cr\u00f4nicas. A dose aplicada  protege contra a gripe comum, gripe B e H1N1.<\/p>\n<p>Entre os dias 25 e 30 de abril, quando foi realizado o Dia \u201cD\u201d da  campanha, o guia da cidade Mogi das Cruzes vacinou 18.101 pessoas contra a gripe, sendo  2.952 crian\u00e7as, 1.127 gestantes, 406 trabalhadores da sa\u00fade, 13.457  idosos, tr\u00eas ind\u00edgenas e 156 portadores de doen\u00e7as cr\u00f4nicas.<\/p>\n<p>\u201cOs n\u00fameros  est\u00e3o dentro das expectativas, mas podemos melhorar com o envolvimento  de toda a comunidade. A vacina contra gripe deve ser tomada antes da  chegada do inverno, que \u00e9 quanto aumentam os casos da doen\u00e7a\u201d, afirma a  m\u00e9dica da Vigil\u00e2ncia Epidemiol\u00f3gica Municipal, Tereza Nihei.<\/p>\n<p>Al\u00e9m de proteger contra gripe, a vacina reduz o risco de complica\u00e7\u00f5es  respirat\u00f3rias e pneumonia. S\u00e3o necess\u00e1rias duas semanas para que a dose  comece a fazer efeito. Por isso, a campanha acontece no outono, para  oferecer prote\u00e7\u00e3o no inverno, quando ocorre maior circula\u00e7\u00e3o do v\u00edrus  influenza. Adultos, inclusive gestantes, devem tomar uma dose, enquanto  crian\u00e7as de 6 a 23 meses s\u00e3o imunizadas com duas doses.<\/p>\n<p>O cont\u00e1gio da gripe ocorre atrav\u00e9s das secre\u00e7\u00f5es das vias respirat\u00f3rias  da pessoa contaminada ao falar, tossir ou espirrar. O v\u00edrus tamb\u00e9m \u00e9  transmitido de forma indireta, por meio das m\u00e3os que podem levar o  agente infeccioso direto \u00e0 boca, olhos e nariz, ap\u00f3s contato com  superf\u00edcies rec\u00e9m-contaminadas por secre\u00e7\u00f5es respirat\u00f3rias. Medidas  simples, como lavagem das m\u00e3os, uso de len\u00e7os descart\u00e1veis, cobrir a  boca e o nariz ao tossir ou espirrar e manter os ambientes arejados,  tamb\u00e9m ajudam na preven\u00e7\u00e3o.<\/p>\n<p>\u00c9 importante lembrar que a vacina n\u00e3o causa gripe, j\u00e1 que em sua  composi\u00e7\u00e3o existem apenas part\u00edculas de v\u00edrus mortos. Uma pequena  parcela de vacinados, no entanto, pode apresentar dores musculares e  mal-estar em at\u00e9 dois dias ap\u00f3s a aplica\u00e7\u00e3o, o que n\u00e3o inviabiliza a  imuniza\u00e7\u00e3o.<\/p>\n<p><em>Fonte: Prefeitura de Mogi das Cruzes<\/em><\/p>\n","protected":false},"excerpt":{"rendered":"<p>Quem ainda n\u00e3o tomou a vacina contra gripe deve procurar um Posto de Sa\u00fade ou unidade do Programa Sa\u00fade da Fam\u00edlia (PSF) at\u00e9 o dia 13 maio. Neste ano, a Campanha Nacional de Vacina\u00e7\u00e3o Contra a Influenza ampliou o p\u00fablico-alvo e est\u00e1 disponibilizando a dose para, al\u00e9m dos idosos e povos ind\u00edgenas, tamb\u00e9m gestantes, crian\u00e7as [&hellip;]<\/p>\n","protected":false},"author":1,"featured_media":0,"comment_status":"open","ping_status":"open","sticky":false,"template":"","format":"standard","meta":{"footnotes":""},"categories":[6],"tags":[],"class_list":["post-254","post","type-post","status-publish","format-standard","hentry","category-noticias-mogi-das-cruzes"],"_links":{"self":[{"href":"https:\/\/www.encontramogidascruzes.com.br\/noticias\/wp-json\/wp\/v2\/posts\/254","targetHints":{"allow":["GET"]}}],"collection":[{"href":"https:\/\/www.encontramogidascruzes.com.br\/noticias\/wp-json\/wp\/v2\/posts"}],"about":[{"href":"https:\/\/www.encontramogidascruzes.com.br\/noticias\/wp-json\/wp\/v2\/types\/post"}],"author":[{"embeddable":true,"href":"https:\/\/www.encontramogidascruzes.com.br\/noticias\/wp-json\/wp\/v2\/users\/1"}],"replies":[{"embeddable":true,"href":"https:\/\/www.encontramogidascruzes.com.br\/noticias\/wp-json\/wp\/v2\/comments?post=254"}],"version-history":[{"count":0,"href":"https:\/\/www.encontramogidascruzes.com.br\/noticias\/wp-json\/wp\/v2\/posts\/254\/revisions"}],"wp:attachment":[{"href":"https:\/\/www.encontramogidascruzes.com.br\/noticias\/wp-json\/wp\/v2\/media?parent=254"}],"wp:term":[{"taxonomy":"category","embeddable":true,"href":"https:\/\/www.encontramogidascruzes.com.br\/noticias\/wp-json\/wp\/v2\/categories?post=254"},{"taxonomy":"post_tag","embeddable":true,"href":"https:\/\/www.encontramogidascruzes.com.br\/noticias\/wp-json\/wp\/v2\/tags?post=254"}],"curies":[{"name":"wp","href":"https:\/\/api.w.org\/{rel}","templated":true}]}}