{"id":257,"date":"2011-05-06T18:48:43","date_gmt":"2011-05-06T21:48:43","guid":{"rendered":"http:\/\/www.encontramogidascruzes.com.br\/noticias\/?p=257"},"modified":"2013-08-13T16:54:22","modified_gmt":"2013-08-13T19:54:22","slug":"virada-cultural-paulista-apresenta-grandes-nomes-da-musica-nacional-e-internacional-em-mogi-das-cruzes","status":"publish","type":"post","link":"https:\/\/www.encontramogidascruzes.com.br\/noticias\/virada-cultural-paulista-apresenta-grandes-nomes-da-musica-nacional-e-internacional-em-mogi-das-cruzes\/","title":{"rendered":"Virada Cultural Paulista apresenta grandes nomes da m\u00fasica nacional e internacional em Mogi das Cruzes"},"content":{"rendered":"<p>O Governo do Estado, por meio da Secretaria da Cultura, realiza pelo    quinto ano consecutivo, nos dias 14 e 15 de maio, a Virada Cultural    Paulista. Como nas edi\u00e7\u00f5es anteriores, grandes nomes da cena nacional e    artistas internacionais marcam presen\u00e7a na programa\u00e7\u00e3o, que    re\u00fane\u00a0mil\u00a0atra\u00e7\u00f5es.<\/p>\n<p>A Virada Cultural Paulista 2011 ser\u00e1  realizada em 23 cidades do Estado:  Cidade de Ara\u00e7atuba, Cidade de Araraquara, Cidade de Assis,  Cidade de Botucatu,Cidade de Campinas, Caraguatatuba,  Cidade Franca, Indaiatuba, Cidade de Jundia\u00ed, Cidade Mar\u00edlia,  Cidade de Mogi das Cruzes, Cidade Mogi-Gua\u00e7u, Cidade  Piracicaba, Cidade Presidente Prudente, Cidade de Ribeir\u00e3o  Preto, Cidade de Santa B\u00e1rbara D&#8217;oeste, Cidade de\u00a0 Santos, Encontra Santo Andr\u00e9, Encontra S\u00e3o Carlos, S\u00e3o Jo\u00e3o  da Boa Vista, cidade S\u00e3o Jos\u00e9 do  Rio Preto, cidade S\u00e3o Jos\u00e9 dos Campos e cidade Sorocaba.<\/p>\n<p>&#8220;O  programa cumpre a sua miss\u00e3o de levar cultura de qualidade para   cidades  do interior e litoral do Estado. A Virada Cultural Paulista   cresce a  cada ano, leva pessoas \u00e0s ruas e auxilia na forma\u00e7\u00e3o de   p\u00fablico em S\u00e3o  Paulo&#8221;, afirma o Secret\u00e1rio da Cultura Andrea Matarazzo.<\/p>\n<p>Na  programa\u00e7\u00e3o de 2011, destaque para grandes nomes da m\u00fasica   brasileira  como Faf\u00e1 de Bel\u00e9m, Renato Teixeira, Angra, Jamel\u00e3o Neto e   Charlie Brown  Jr., que participam pela primeira vez da Virada, entre   muitos outros.  Al\u00e9m de jovens talentos como Maria Gad\u00fa, Tulipa Ruiz,   Marcelo Jeneci,  Thiago Pethit, Lulina, Les Pops, Luisa Maita e Karina   Buhr. Como na  edi\u00e7\u00e3o passada, a Secretaria de Estado da Cultura traz   artistas  estrangeiros. Para este ano, a Virada conta com shows de Agn\u00e8s   Jaoui,  Pink Martini e Superchunk.<\/p>\n<p>A Virada ter\u00e1 ainda uma intensa  programa\u00e7\u00e3o de espet\u00e1culos de teatro,   com pe\u00e7as como An\u00e1lise  Comportamental e Cr\u00edtica da M\u00fasica Eduardo e   Monica, com dire\u00e7\u00e3o de  Fernanda D&#8217;Umbra em Assis; Assembl\u00e9ia dos   Bichos, da Bendita Trupe em  Botucatu; Bichos do Brasil, com Pia Fraus   em Franca; e espet\u00e1culos de  dan\u00e7a, interven\u00e7\u00f5es urbanas, stand up   comedy, circo, cinema, arte de rua  e m\u00fasica erudita.<\/p>\n<p>O SESC S\u00e3o Paulo, como nas edi\u00e7\u00f5es anteriores,  \u00e9 parceiro do evento,   desenvolvendo uma s\u00e9rie de atividades em suas  unidades do interior e   litoral. O diretor regional do SESC S\u00e3o Paulo,  Danilo Santos de   Miranda, destaca a import\u00e2ncia do envolvimento da  institui\u00e7\u00e3o na Virada   Cultural Paulista como &#8220;uma oportunidade de  ampliar o raio de a\u00e7\u00e3o e   de experi\u00eancias da institui\u00e7\u00e3o, proporcionando  ambientes que favore\u00e7am  a  conviv\u00eancia e a aprecia\u00e7\u00e3o cr\u00edtica e criativa  como elementos para o   desenvolvimento social do indiv\u00edduo&#8221;.<\/p>\n<p><strong>Programa\u00e7\u00e3o<\/strong><\/p>\n<p>A  cineasta, atriz e cantora francesa Agn\u00e8s Jaoui leva aos palcos de    Ribeir\u00e3o Preto e Jundia\u00ed sua interpreta\u00e7\u00e3o, em portugu\u00eas e espanhol, de    m\u00fasicas latinas. A diretora do premiado O Gosto dos Outros, Agn\u00e8s  canta   cl\u00e1ssicos como Olhos nos Olhos, de Chico Buarque, entre outros.  Para  os  f\u00e3s do pop rock, vale conferir os shows do Superchunk em Mogi  das  Cruzes  e Sorocaba. A banda Pink Martini apresenta um mix de m\u00fasica   cl\u00e1ssica,  jazz e cl\u00e1ssicos em Piracicaba e S\u00e3o Jos\u00e9 do Rio Preto.<\/p>\n<p>Um dos  nomes badalados da nova MPB, Maria Gad\u00fa leva seu repert\u00f3rio  para   Araraquara. Aos 22 anos, sua voz suave arrancou elogios de  Caetano   Veloso e Milton Nascimento. Na Virada, a cantora apresenta  sucessos do   disco Maria Gad\u00fa 2009, como Shimbalai\u00ea, A Hist\u00f3ria de Lili  Braun entre   outros. Outro destaque \u00e9 a veterana Faf\u00e1 de Bel\u00e9m, que  comemora 35 anos   de carreira com o p\u00fablico de Ara\u00e7atuba.<\/p>\n<p>Jovens artistas t\u00eam  espa\u00e7o garantido na programa\u00e7\u00e3o da Virada. Est\u00e3o   confirmados shows de  Tulipa Ruiz em Ara\u00e7atuba e S\u00e3o Carlos. Cantora,   compositora e  desenhista, Tulipa Ruiz \u00e9 uma das apostas da MPB moderna   assim como o  multiinstrumentista Marcelo Jeneci que se apresenta em   Araraquara e  Indaiatuba. Completam o time Thiago Pethit (Mogi das   Cruzes), Lulina  (Santa B\u00e1rbara), Luisa Maita (Mogi das Cruzes e Santa   B\u00e1rbara), Karina  Buhr (Santos e S\u00e3o Carlos) e Les Pops (S\u00e3o Jos\u00e9 dos   Campos).<\/p>\n<p>A  Virada tamb\u00e9m aposta nas novas bandas. Apanhador S\u00f3 se apresenta em    Mar\u00edlia e S\u00e3o Jos\u00e9 do Rio Preto; Do Amor tem show marcado para S\u00e3o    Carlos; Guizado vai para Jundia\u00ed, Vega em Indaiatuba e Vespas Mandarinas    em S\u00e3o Jos\u00e9 do Rio Preto.<\/p>\n<p>Sucesso garantido na programa\u00e7\u00e3o,  artistas e grupos de stand up comedy   t\u00eam apresenta\u00e7\u00f5es marcadas para as  2h30. Nany People apresenta-se em   Piracicaba. Em Araraquara, vale a pena  conferir a apresenta\u00e7\u00e3o de   Marcelo Mansfield. \u00c2ngela Dip sobe ao palco  de Araraquara.<\/p>\n<p>Dentre os espet\u00e1culos de dan\u00e7a, a S\u00e3o Paulo  Companhia de Dan\u00e7a leva   suas sapatilhas para Santos; o Ballet Stagium  dan\u00e7a nos palcos de Santa   B\u00e1rbara e Santo Andr\u00e9. J\u00e1 o Cisne Negro marca  presen\u00e7a em S\u00e3o Carlos e   S\u00e3o Jos\u00e9 do Rio Preto. A programa\u00e7\u00e3o est\u00e1  publicada no site  cultura.sp.gov.br e viradaculturalpaulista.sp.gov.br.<\/p>\n<p><strong>Hist\u00f3rico<br \/>\n<\/strong><br \/>\nA  Virada Cultural Paulista \u00e9 o maior evento cultural do interior e    litoral de S\u00e3o Paulo. Inspirada na Virada Cultural da capital, criada na    gest\u00e3o de Jos\u00e9 Serra quando prefeito de S\u00e3o Paulo, a Virada Cultural    Paulista foi lan\u00e7ada em 2007 em 10 cidades, que receberam 381  atra\u00e7\u00f5es.<\/p>\n<p>Em 2008, mais de 740 mil pessoas compareceram \u00e0 Virada em 19 munic\u00edpios   e  puderam conferir 476 espet\u00e1culos. Na edi\u00e7\u00e3o de 2009, o p\u00fablico   presente  nas 20 cidades ultrapassou a marca de um milh\u00e3o de pessoas,   que  conferiram mais de 560 atra\u00e7\u00f5es. Em 2010, a Virada atingiu a marca   de  1,6 milh\u00e3o de pessoas. Para 2011, a expectativa \u00e9 atingir o mesmo   n\u00famero  de p\u00fablico.<\/p>\n<p><em>Fonte: Folha da Regi\u00e3o<\/em><\/p>\n","protected":false},"excerpt":{"rendered":"<p>O Governo do Estado, por meio da Secretaria da Cultura, realiza pelo quinto ano consecutivo, nos dias 14 e 15 de maio, a Virada Cultural Paulista. Como nas edi\u00e7\u00f5es anteriores, grandes nomes da cena nacional e artistas internacionais marcam presen\u00e7a na programa\u00e7\u00e3o, que re\u00fane\u00a0mil\u00a0atra\u00e7\u00f5es. A Virada Cultural Paulista 2011 ser\u00e1 realizada em 23 cidades do [&hellip;]<\/p>\n","protected":false},"author":1,"featured_media":0,"comment_status":"open","ping_status":"open","sticky":false,"template":"","format":"standard","meta":{"footnotes":""},"categories":[6],"tags":[],"class_list":["post-257","post","type-post","status-publish","format-standard","hentry","category-noticias-mogi-das-cruzes"],"_links":{"self":[{"href":"https:\/\/www.encontramogidascruzes.com.br\/noticias\/wp-json\/wp\/v2\/posts\/257","targetHints":{"allow":["GET"]}}],"collection":[{"href":"https:\/\/www.encontramogidascruzes.com.br\/noticias\/wp-json\/wp\/v2\/posts"}],"about":[{"href":"https:\/\/www.encontramogidascruzes.com.br\/noticias\/wp-json\/wp\/v2\/types\/post"}],"author":[{"embeddable":true,"href":"https:\/\/www.encontramogidascruzes.com.br\/noticias\/wp-json\/wp\/v2\/users\/1"}],"replies":[{"embeddable":true,"href":"https:\/\/www.encontramogidascruzes.com.br\/noticias\/wp-json\/wp\/v2\/comments?post=257"}],"version-history":[{"count":0,"href":"https:\/\/www.encontramogidascruzes.com.br\/noticias\/wp-json\/wp\/v2\/posts\/257\/revisions"}],"wp:attachment":[{"href":"https:\/\/www.encontramogidascruzes.com.br\/noticias\/wp-json\/wp\/v2\/media?parent=257"}],"wp:term":[{"taxonomy":"category","embeddable":true,"href":"https:\/\/www.encontramogidascruzes.com.br\/noticias\/wp-json\/wp\/v2\/categories?post=257"},{"taxonomy":"post_tag","embeddable":true,"href":"https:\/\/www.encontramogidascruzes.com.br\/noticias\/wp-json\/wp\/v2\/tags?post=257"}],"curies":[{"name":"wp","href":"https:\/\/api.w.org\/{rel}","templated":true}]}}