{"id":26,"date":"2010-11-25T19:47:31","date_gmt":"2010-11-25T19:47:31","guid":{"rendered":"http:\/\/www.encontramogidascruzes.com.br\/noticias\/?p=26"},"modified":"2010-11-25T19:47:31","modified_gmt":"2010-11-25T19:47:31","slug":"comgas-tem-tres-dias-para-fechar-buracos-em-vias-de-mogi-das-cruzes","status":"publish","type":"post","link":"https:\/\/www.encontramogidascruzes.com.br\/noticias\/comgas-tem-tres-dias-para-fechar-buracos-em-vias-de-mogi-das-cruzes\/","title":{"rendered":"Comg\u00e1s tem tr\u00eas dias para fechar buracos em vias de Mogi das Cruzes"},"content":{"rendered":"<p>A Comg\u00e1s tem, a partir de hoje, um prazo de tr\u00eas dias para tapar os buracos abertos para a instala\u00e7\u00e3o de seu sistema de tubula\u00e7\u00f5es em Mogi das Cruzes. A determina\u00e7\u00e3o surgiu durante a reuni\u00e3o realizada na manh\u00e3 de ontem na C\u00e2mara Municipal entre representantes da concession\u00e1ria e do poder p\u00fablico local.<\/p>\n<p>Participaram da reuni\u00e3o representantes do Servi\u00e7o Municipal de \u00c1gua e Esgoto (Semae), da Secretaria Municipal de Servi\u00e7os Urbanos, os vereadores da Comiss\u00e3o de Obras, Habita\u00e7\u00e3o, Urbanismo e Meio Ambiente e moradores de regi\u00f5es afetadas pelos trabalhos da Comg\u00e1s. Tamb\u00e9m esteve presente o presidente da C\u00e2mara, o vereador Mauro Ara\u00fajo (PSDB).<\/p>\n<p>A Comg\u00e1s foi chamada para apresentar propostas de reparos nas vias devido aos buracos abertos por toda a cidade, al\u00e9m de discutir a demora para recuperar cal\u00e7adas danificadas. A Comg\u00e1s abre em m\u00e9dia 60 buracos por dia em cal\u00e7adas da cidade e oito em pistas pavimentadas.<\/p>\n<p>De acordo com o vereador Jolindo Renn\u00f3 Costa (PSDB), presidente da Comiss\u00e3o de Obras, o antigo prazo para o fechamento dos buracos abertos pela Comg\u00e1s era de 15 dias. Ainda assim, a determina\u00e7\u00e3o n\u00e3o era respeitada. &#8220;H\u00e1 buracos, como os da rua Engenheiro Moacir de Brito Freitas, na Vila Industrial, que causam transtornos \u00e0 popula\u00e7\u00e3o local h\u00e1 pelo menos tr\u00eas meses&#8221;, diz Costa.<\/p>\n<p><strong>Desacordos <\/strong><\/p>\n<p>Durante a reuni\u00e3o, que foi salpicada de momentos de desacordos, o gerente regional da Comg\u00e1s, Marco Ant\u00f4nio Coutinho, chegou a propor a fixa\u00e7\u00e3o do antigo prazo de 15 dias como responsabilidade imediata. Os vereadores, no entanto, foram firmes. Ap\u00f3s tensa discuss\u00e3o, definiu-se o prazo m\u00e1ximo de tr\u00eas dias para a recupera\u00e7\u00e3o total do local danificado pela empresa. A Comg\u00e1s deve cobrir o buraco no mesmo dia e dar o acabamento nos dois dias seguintes, completando os tr\u00eas dias de prazo.<\/p>\n<p>Os moradores de locais afetados pelas obras da empresa que estavam presentes na reuni\u00e3o gostaram da decis\u00e3o. &#8220;J\u00e1 era hora de estabelecerem um prazo, pois sofro com um buraco enorme em frente \u00e0 minha casa h\u00e1 mais de tr\u00eas meses&#8221;, disse a aposentada Eunice Fidalgo Gouv\u00eaa, de 80 anos, moradora da Vila Industrial. \u00c9 a mesma opini\u00e3o do tamb\u00e9m morador, Wagner Luiz Urizzi Fernandes, 54.<\/p>\n<p><em>Fonte: Mogi News<\/em><\/p>\n","protected":false},"excerpt":{"rendered":"<p>A Comg\u00e1s tem, a partir de hoje, um prazo de tr\u00eas dias para tapar os buracos abertos para a instala\u00e7\u00e3o de seu sistema de tubula\u00e7\u00f5es em Mogi das Cruzes. A determina\u00e7\u00e3o surgiu durante a reuni\u00e3o realizada na manh\u00e3 de ontem na C\u00e2mara Municipal entre representantes da concession\u00e1ria e do poder p\u00fablico local. Participaram da reuni\u00e3o [&hellip;]<\/p>\n","protected":false},"author":1,"featured_media":0,"comment_status":"open","ping_status":"open","sticky":false,"template":"","format":"standard","meta":{"footnotes":""},"categories":[6],"tags":[14],"class_list":["post-26","post","type-post","status-publish","format-standard","hentry","category-noticias-mogi-das-cruzes","tag-mogi-das-cruzes"],"_links":{"self":[{"href":"https:\/\/www.encontramogidascruzes.com.br\/noticias\/wp-json\/wp\/v2\/posts\/26","targetHints":{"allow":["GET"]}}],"collection":[{"href":"https:\/\/www.encontramogidascruzes.com.br\/noticias\/wp-json\/wp\/v2\/posts"}],"about":[{"href":"https:\/\/www.encontramogidascruzes.com.br\/noticias\/wp-json\/wp\/v2\/types\/post"}],"author":[{"embeddable":true,"href":"https:\/\/www.encontramogidascruzes.com.br\/noticias\/wp-json\/wp\/v2\/users\/1"}],"replies":[{"embeddable":true,"href":"https:\/\/www.encontramogidascruzes.com.br\/noticias\/wp-json\/wp\/v2\/comments?post=26"}],"version-history":[{"count":0,"href":"https:\/\/www.encontramogidascruzes.com.br\/noticias\/wp-json\/wp\/v2\/posts\/26\/revisions"}],"wp:attachment":[{"href":"https:\/\/www.encontramogidascruzes.com.br\/noticias\/wp-json\/wp\/v2\/media?parent=26"}],"wp:term":[{"taxonomy":"category","embeddable":true,"href":"https:\/\/www.encontramogidascruzes.com.br\/noticias\/wp-json\/wp\/v2\/categories?post=26"},{"taxonomy":"post_tag","embeddable":true,"href":"https:\/\/www.encontramogidascruzes.com.br\/noticias\/wp-json\/wp\/v2\/tags?post=26"}],"curies":[{"name":"wp","href":"https:\/\/api.w.org\/{rel}","templated":true}]}}