{"id":436,"date":"2011-08-01T02:49:19","date_gmt":"2011-08-01T05:49:19","guid":{"rendered":"http:\/\/www.encontramogidascruzes.com.br\/noticias\/?p=436"},"modified":"2013-08-13T16:52:09","modified_gmt":"2013-08-13T19:52:09","slug":"selos-refazem-historia-de-mogi-das-cruzes","status":"publish","type":"post","link":"https:\/\/www.encontramogidascruzes.com.br\/noticias\/selos-refazem-historia-de-mogi-das-cruzes\/","title":{"rendered":"Selos refazem hist\u00f3ria de Mogi das Cruzes"},"content":{"rendered":"<p>Os Correios ir\u00e1 lan\u00e7ar no dia 1\u00ba de setembro o selo postal em homenagem aos 400 anos de emancipa\u00e7\u00e3o pol\u00edtica da cidade de Mogi das Cruzes. J\u00e1 no per\u00edodo de 30 de agosto a 8 de setembro, uma exposi\u00e7\u00e3o sobre o tema, organizada pela Associa\u00e7\u00e3o e o Clube Filat\u00e9lico de Suzano, ter\u00e1 espa\u00e7o na C\u00e2mara Municipal e contar\u00e1 com 28 pain\u00e9is com selos originais de colecionadores do Alto Tiet\u00ea e do Vale do Para\u00edba.<\/p>\n<p>O filatelista Jo\u00e3o Roberto Baylongue, da Associa\u00e7\u00e3o Brasileira de Carimbologia, entidade respons\u00e1vel por encaminhar ao Minist\u00e9rio das Comunica\u00e7\u00f5es o processo de inclus\u00e3o da data da emancipa\u00e7\u00e3o da cidade, na programa\u00e7\u00e3o anual dos selos comemorativos, explicou que a mostra ir\u00e1 contar a hist\u00f3ria da regi\u00e3o por meio de selos de colecionadores de Aruj\u00e1, Biritiba Mirim, Ferraz de Vasconcelos, Guararema, Igarat\u00e1, Itaquaquecetuba, Jacare\u00ed, Po\u00e1, Paraibuna, Sales\u00f3polis, Santa Branca, Santa Isabel, S\u00e3o Jos\u00e9 dos Campos e Suzano. Todas elas, ali\u00e1s, tiveram seus territ\u00f3rios pertencentes \u00e0 Mogi da Cruzes no passado.<\/p>\n<p>Conforme Baylongue, a relev\u00e2ncia de figurar a Cidade em um selo dos Correios \u00e9 a de &#8220;poder levar ao mundo, sem limita\u00e7\u00f5es, nossa cultura, que dever\u00e1 ficar guardada para sempre pelos colecionadores&#8221;. Ele d\u00e1 como exemplo os selos da s\u00e9rie &#8220;Olho de Boi&#8221;, que foi a primeira a ser lan\u00e7ada no Pa\u00eds. Estima-se que at\u00e9 hoje existam cerca de 20 mil deles em cole\u00e7\u00f5es do mundo todo. &#8220;Tamb\u00e9m dever\u00e1 ter pelo menos um dessa s\u00e9rie na C\u00e2mara Municipal&#8221;, revelou.<\/p>\n<p>A composi\u00e7\u00e3o do selo que prestigia Mogi das Cruzes, realizada pelo artista Luciomar de Jesus, conta com imagens dos principais s\u00edmbolos da Cidade, como a pomba da Festa do Divino, o pr\u00e9dio da prefeitura, a figura de um bandeirante, as Igrejas da Ordem Primeira e Terceira do Carmo e o Casar\u00e3o do Ch\u00e1. A homenagem, que integra a s\u00e9rie &#8220;Cidades Hist\u00f3ricas&#8221;, contemplou os munic\u00edpios mineiros de Sabar\u00e1, Ouro Preto e Mariana.<\/p>\n<p>De acordo com Baylongue, a tiragem dos selos que levam a hist\u00f3ria da Cidade pode chegar a 300 mil unidades. As unidades ser\u00e3o comercializados durante dois anos em todas as ag\u00eancias dos Correios do Brasil. &#8220;Eles n\u00e3o perder\u00e3o a validade com o encerramento das vendas, a pessoa que comprar poder\u00e1 fazer uso at\u00e9 que o modelo monet\u00e1rio do pa\u00eds mude&#8221;, ressaltou.<\/p>\n<p>Baylongue tem 67 anos, e desde os oito dedica a vida ao of\u00edcio de colecionador e pesquisador. &#8220;Eu brinco que essa paix\u00e3o sempre foi a minha segunda esposa&#8221;, disse o filatelista, que j\u00e1 foi casado por quatro vezes. Ele acompanhou, em 1961, a luta de pol\u00edticos da Regi\u00e3o na tentativa de estamparem um selo com o tema da funda\u00e7\u00e3o da Cidade. &#8220;Como esse \u00e9 um evento que n\u00e3o foi documentado, a proposta foi recusada&#8221;, disse. O momento para conseguir o intento ocorreria somente meio s\u00e9culo mais tarde: neste 2011, a Cidade comemora seus 400 anos de emancipa\u00e7\u00e3o pol\u00edtica.<\/p>\n<p>Em 2007, enquanto realizava palestras sobre a import\u00e2ncia dos selos, o filatelista come\u00e7ou a elaborar o material que seria encaminhado ao Minist\u00e9rio das Comunica\u00e7\u00f5es em 2010, e se tornaria um dos cerca de vinte projetos premiados entre os mais de 3 mil inscritos naquele ano.<\/p>\n<p><em>Fonte: O Di\u00e1rio<\/em><\/p>\n","protected":false},"excerpt":{"rendered":"<p>Os Correios ir\u00e1 lan\u00e7ar no dia 1\u00ba de setembro o selo postal em homenagem aos 400 anos de emancipa\u00e7\u00e3o pol\u00edtica da cidade de Mogi das Cruzes. J\u00e1 no per\u00edodo de 30 de agosto a 8 de setembro, uma exposi\u00e7\u00e3o sobre o tema, organizada pela Associa\u00e7\u00e3o e o Clube Filat\u00e9lico de Suzano, ter\u00e1 espa\u00e7o na C\u00e2mara [&hellip;]<\/p>\n","protected":false},"author":1,"featured_media":0,"comment_status":"open","ping_status":"open","sticky":false,"template":"","format":"standard","meta":{"footnotes":""},"categories":[6],"tags":[],"class_list":["post-436","post","type-post","status-publish","format-standard","hentry","category-noticias-mogi-das-cruzes"],"_links":{"self":[{"href":"https:\/\/www.encontramogidascruzes.com.br\/noticias\/wp-json\/wp\/v2\/posts\/436","targetHints":{"allow":["GET"]}}],"collection":[{"href":"https:\/\/www.encontramogidascruzes.com.br\/noticias\/wp-json\/wp\/v2\/posts"}],"about":[{"href":"https:\/\/www.encontramogidascruzes.com.br\/noticias\/wp-json\/wp\/v2\/types\/post"}],"author":[{"embeddable":true,"href":"https:\/\/www.encontramogidascruzes.com.br\/noticias\/wp-json\/wp\/v2\/users\/1"}],"replies":[{"embeddable":true,"href":"https:\/\/www.encontramogidascruzes.com.br\/noticias\/wp-json\/wp\/v2\/comments?post=436"}],"version-history":[{"count":0,"href":"https:\/\/www.encontramogidascruzes.com.br\/noticias\/wp-json\/wp\/v2\/posts\/436\/revisions"}],"wp:attachment":[{"href":"https:\/\/www.encontramogidascruzes.com.br\/noticias\/wp-json\/wp\/v2\/media?parent=436"}],"wp:term":[{"taxonomy":"category","embeddable":true,"href":"https:\/\/www.encontramogidascruzes.com.br\/noticias\/wp-json\/wp\/v2\/categories?post=436"},{"taxonomy":"post_tag","embeddable":true,"href":"https:\/\/www.encontramogidascruzes.com.br\/noticias\/wp-json\/wp\/v2\/tags?post=436"}],"curies":[{"name":"wp","href":"https:\/\/api.w.org\/{rel}","templated":true}]}}