{"id":440,"date":"2011-08-03T01:08:31","date_gmt":"2011-08-03T04:08:31","guid":{"rendered":"http:\/\/www.encontramogidascruzes.com.br\/noticias\/?p=440"},"modified":"2013-08-13T16:52:09","modified_gmt":"2013-08-13T19:52:09","slug":"vitimas-de-violencia-em-mogi-das-cruzes-relatam-drama","status":"publish","type":"post","link":"https:\/\/www.encontramogidascruzes.com.br\/noticias\/vitimas-de-violencia-em-mogi-das-cruzes-relatam-drama\/","title":{"rendered":"V\u00edtimas de viol\u00eancia em Mogi das Cruzes relatam drama"},"content":{"rendered":"<p>Medo, raiva, inseguran\u00e7a e indigna\u00e7\u00e3o. Estes s\u00e3o alguns dos sentimentos de v\u00edtimas de bandidos em guia Mogi das Cruzes. Nas delegacias, h\u00e1 registrados di\u00e1rios de v\u00e1rios casos, como roubos, assaltos, furtos \u00e0 resid\u00eancia e de ve\u00edculos, entre outros, que deixam a popula\u00e7\u00e3o impotente, em contraste com a livre a\u00e7\u00e3o dos marginais pelas ruas da Cidade.<\/p>\n<p>Impotente. \u00c9 assim que o operador de supermercado Giovane Ribeiro da Silva se sente ap\u00f3s ter sido v\u00edtima de ladr\u00f5es no Socorro, nesta semana. &#8220;N\u00e3o tenho muito o que falar. Estou com medo e at\u00e9 minha m\u00e3e passou mal ao saber que fui assaltado. E tudo aconteceu de forma covarde, com os ladr\u00f5es me atacando pelas costas. Eles estavam de bicicleta e mencionaram que teriam uma arma, exigindo que entregasse tudo, ou seja, um aparelho de telefone celular e R$ 47,00&#8221;. Ele cobra maior patrulhamento da pol\u00edcia nas ruas da Cidade, principalmente na \u00e1rea central. &#8220;O Socorro era um bairro tranquilo e hoje os bandidos assaltam em plena luz do dia. Fica a sensa\u00e7\u00e3o de total inseguran\u00e7a&#8221;, disse.<\/p>\n<p>Foi desta forma que ficaram as amigas Aline Karen Nogueira de Amorim e Gabriela Mahalia Zitto Cezar, que foram assaltadas na Rua Schwartzmann, em Braz Cubas, logo ap\u00f3s desembarcarem de uma composi\u00e7\u00e3o da Companhia Paulista de Trens Metropolitanos (CPTM). &#8220;Foi uma sensa\u00e7\u00e3o horr\u00edvel, porque j\u00e1 havia passado por isso em outra oportunidade, na qual cheguei a ser agredida pelo bandido&#8221;, disse Gabriela. Segundo conta, ela e a amiga foram abordadas por dois homens em uma moto. Um deles teria mostrado uma arma e exigido que elas entregassem as bolsas. &#8220;\u00c9 uma inseguran\u00e7a muito grande, principalmente pelo fato de haver uma base da Pol\u00edcia Militar na pra\u00e7a pr\u00f3ximo do local do crime. Fiquei com medo de o pior ter acontecido&#8221;, frisou Gabriela, pedindo mais provid\u00eancias por parte das autoridades.<\/p>\n<p>Domingos Augustos Caruso Justo teve sua casa, na Vila Oliveira, invadida por ladr\u00f5es quando estava viajando e sua mulher fora a trabalho em S\u00e3o Paulo. V\u00e1rios objetos foram levados. O susto maior, no entanto, ficou por conta da esposa dele, que ao voltar, percebeu a casa arrombada e chamou a Pol\u00edcia. &#8220;Ela teve medo de que os ladr\u00f5es ainda estivessem no im\u00f3vel. Infelizmente, fica a sensa\u00e7\u00e3o de inseguran\u00e7a. A impress\u00e3o \u00e9 de que a Pol\u00edcia n\u00e3o d\u00e1 conta do excesso de crimes praticados na Cidade&#8221;, desabafou Justo.<\/p>\n<p>Ele revela que o im\u00f3vel quase foi alvo de novo ataque dos ladr\u00f5es tr\u00eas dias ap\u00f3s o primeiro assalto. &#8220;Eles acreditavam que a resid\u00eancia estaria vazia, mas hav\u00edamos contratado uma pessoa para cuidar da casa, fato que impediu nova a\u00e7\u00e3o dos ladr\u00f5es&#8221;, afirmou, pedindo que haja maior a\u00e7\u00e3o por parte do Estado. &#8220;\u00c9 preciso que o Governo fa\u00e7a a sua parte para melhorar a seguran\u00e7a de todos, cobrando os funcion\u00e1rios para que exer\u00e7am bem suas fun\u00e7\u00f5es e exigindo resultados pr\u00e1ticos&#8221;, completou.<\/p>\n<p>O auxiliar de produ\u00e7\u00e3o Wesley Fernando Duarte da Silva tamb\u00e9m foi v\u00edtima da a\u00e7\u00e3o r\u00e1pida dos ladr\u00f5es. Ele estacionou sua moto Yamaha na Rua Cabo Diogo Oliver, na \u00e1rea central, para ir at\u00e9 uma lan house e, ao voltar, viu que ela havia sido levada por bandidos. &#8220;Fica a sensa\u00e7\u00e3o de inseguran\u00e7a completa. Al\u00e9m disso, a alguns metros h\u00e1 uma base policial e isso intimidou os bandidos&#8221;, destacou Silva, que mora em Braz Cubas e ainda tenta reaver o ve\u00edculo.<\/p>\n<p>At\u00e9 quem est\u00e1 trabalhando \u00e9 v\u00edtima da bandidagem em Mogi. O taxista Rodrigo Silva Santos, que trabalha em um ponto na Pra\u00e7a do Carmo, pegou um passageiro que solicitou uma corrida at\u00e9 o Bairro do Cocuera. &#8220;N\u00e3o desconfiei de nada. Quando chegou pr\u00f3ximo da Rua Coronel Cardoso Siqueira, ele mostrou o rev\u00f3lver e anunciou o assalto. Disse que queria o dinheiro das corridas que eu j\u00e1 havia feito e levou tamb\u00e9m o celular que uso para trabalhar&#8221;, contou. Santos v\u00ea falta de empenho da Pol\u00edcia em investigar os casos. &#8220;Esta foi a quarta vez que fui assaltado. Registramos o Boletim de Ocorr\u00eancia, mas n\u00e3o h\u00e1 investiga\u00e7\u00e3o. Parece que fica por isso mesmo. Desta forma, aumenta ainda mais a sensa\u00e7\u00e3o de inseguran\u00e7a&#8221;, disse o taxista, que perdeu o aparelho de telefone e R$ 60,00.<\/p>\n<p><em>Fonte: O Di\u00e1rio<\/em><\/p>\n","protected":false},"excerpt":{"rendered":"<p>Medo, raiva, inseguran\u00e7a e indigna\u00e7\u00e3o. Estes s\u00e3o alguns dos sentimentos de v\u00edtimas de bandidos em guia Mogi das Cruzes. Nas delegacias, h\u00e1 registrados di\u00e1rios de v\u00e1rios casos, como roubos, assaltos, furtos \u00e0 resid\u00eancia e de ve\u00edculos, entre outros, que deixam a popula\u00e7\u00e3o impotente, em contraste com a livre a\u00e7\u00e3o dos marginais pelas ruas da Cidade. [&hellip;]<\/p>\n","protected":false},"author":1,"featured_media":0,"comment_status":"open","ping_status":"open","sticky":false,"template":"","format":"standard","meta":{"footnotes":""},"categories":[6],"tags":[],"class_list":["post-440","post","type-post","status-publish","format-standard","hentry","category-noticias-mogi-das-cruzes"],"_links":{"self":[{"href":"https:\/\/www.encontramogidascruzes.com.br\/noticias\/wp-json\/wp\/v2\/posts\/440","targetHints":{"allow":["GET"]}}],"collection":[{"href":"https:\/\/www.encontramogidascruzes.com.br\/noticias\/wp-json\/wp\/v2\/posts"}],"about":[{"href":"https:\/\/www.encontramogidascruzes.com.br\/noticias\/wp-json\/wp\/v2\/types\/post"}],"author":[{"embeddable":true,"href":"https:\/\/www.encontramogidascruzes.com.br\/noticias\/wp-json\/wp\/v2\/users\/1"}],"replies":[{"embeddable":true,"href":"https:\/\/www.encontramogidascruzes.com.br\/noticias\/wp-json\/wp\/v2\/comments?post=440"}],"version-history":[{"count":0,"href":"https:\/\/www.encontramogidascruzes.com.br\/noticias\/wp-json\/wp\/v2\/posts\/440\/revisions"}],"wp:attachment":[{"href":"https:\/\/www.encontramogidascruzes.com.br\/noticias\/wp-json\/wp\/v2\/media?parent=440"}],"wp:term":[{"taxonomy":"category","embeddable":true,"href":"https:\/\/www.encontramogidascruzes.com.br\/noticias\/wp-json\/wp\/v2\/categories?post=440"},{"taxonomy":"post_tag","embeddable":true,"href":"https:\/\/www.encontramogidascruzes.com.br\/noticias\/wp-json\/wp\/v2\/tags?post=440"}],"curies":[{"name":"wp","href":"https:\/\/api.w.org\/{rel}","templated":true}]}}