{"id":442,"date":"2011-08-03T01:09:21","date_gmt":"2011-08-03T04:09:21","guid":{"rendered":"http:\/\/www.encontramogidascruzes.com.br\/noticias\/?p=442"},"modified":"2013-08-13T16:52:09","modified_gmt":"2013-08-13T19:52:09","slug":"flaneloes-em-mogi-das-cruzes-poderao-ser-cadastrados","status":"publish","type":"post","link":"https:\/\/www.encontramogidascruzes.com.br\/noticias\/flaneloes-em-mogi-das-cruzes-poderao-ser-cadastrados\/","title":{"rendered":"Flanel\u00f5es em Mogi das Cruzes poder\u00e3o ser cadastrados"},"content":{"rendered":"<p>Os lojistas e frequentadores de estabelecimentos comerciais da regi\u00e3o central da cidade de Mogi das Cruzes dever\u00e3o ser os principais beneficiados, caso seja concretizado um projeto de lei para que os guardadores de carros, conhecidos como flanel\u00f5es, tenham de ser cadastrados pela Prefeitura para trabalhar. A proposta \u00e9 do vereador Expedito Ubiratan Tobias (PR), a ser apresentada neste m\u00eas na C\u00e2mara Municipal, na forma de indica\u00e7\u00e3o de projeto de lei \u00e0 Administra\u00e7\u00e3o Municipal. Entretanto, o prefeito Marco Bertaiolli (DEM) j\u00e1 adiantou que \u00e9 a Pol\u00edcia Militar a respons\u00e1vel por fazer esta fiscaliza\u00e7\u00e3o.<\/p>\n<p>Para a presidente interina da Associa\u00e7\u00e3o Comercial de Mogi das Cruzes (ACMC), T\u00e2nia Fukusen, os servi\u00e7os dos flanel\u00f5es s\u00e3o desnecess\u00e1rios e causam transtornos. &#8220;Nos lugares onde h\u00e1 estacionamento rotativo, por exemplo, n\u00e3o existe necessidade de ter flanel\u00f5es. Isso porque os mogianos j\u00e1 pagam por este servi\u00e7o. Entretanto, \u00e9 uma realidade de Mogi que estas pessoas estejam espalhadas pelas principais regi\u00f5es do Munic\u00edpio e, j\u00e1 que este tipo de atividade existe, \u00e9 melhor que estas pessoas sejam devidamente cadastradas, para sabermos quem elas s\u00e3o. Mas \u00e9 fundamental que exista fiscaliza\u00e7\u00e3o, para que os cidad\u00e3os se sintam seguros e tenham seus direitos protegidos&#8221;, avalia.<\/p>\n<p>Perguntado sobre a exist\u00eancia destes trabalhadores pelas ruas mogianas e sobre qual seria a solu\u00e7\u00e3o mais adequada, Bertaiolli foi enf\u00e1tico. &#8220;Est\u00e1 \u00e9 uma quest\u00e3o de pol\u00edcia. E quem deve dar uma solu\u00e7\u00e3o \u00e9 a pr\u00f3pria pol\u00edcia&#8221;, declarou, na tarde de ontem, durante evento no Gin\u00e1sio Municipal de Esportes.<\/p>\n<p>A resposta do chefe do Executivo se baseia no fato de que a atua\u00e7\u00e3o destes guardadores de carro, realmente, tem liga\u00e7\u00e3o com ocorr\u00eancias criminosas, segundo levantamento realizado pela Pol\u00edcia Militar.<\/p>\n<p>Nesta pesquisa, a Corpora\u00e7\u00e3o constatou que 40% a 50% dos flanel\u00f5es j\u00e1 t\u00eam passagem pela Pol\u00edcia, sendo a maioria por furto de ve\u00edculos. Para o tenente-coronel Jos\u00e9 Francisco Braga, comandante do 17\u00ba Batalh\u00e3o da Pol\u00edcia Militar Metropolitano (BMPM\/M), a abordagem da PM aos guardadores tem sido um fator colaborador para a redu\u00e7\u00e3o de furtos e roubos a autom\u00f3veis, estando inserida nas a\u00e7\u00f5es de policiamento inteligente.<\/p>\n<p>As pessoas que realizam esta atividade, que consiste em cuidar dos carros pedindo dinheiro aos propriet\u00e1rios, come\u00e7aram a ser monitoradas pela PM nos \u00faltimos meses e, de acordo com Braga, houve diminui\u00e7\u00e3o dos casos. Foram nove pris\u00f5es por furto de carro em um intervalo de 40 dias &#8211; \u00edndice considerado baixo.<\/p>\n<p>A indica\u00e7\u00e3o a ser apresentada por Tobias cont\u00e9m um pr\u00e9-projeto em anexo com sugest\u00f5es de como regularizar a atividade, como defini\u00e7\u00e3o de \u00e1reas nas quais os flanel\u00f5es poderiam olhar os ve\u00edculos, cadastramento daqueles que atuam em um ponto fixo e tamb\u00e9m a ado\u00e7\u00e3o de uniformes. A medida sugere, por fim, que o Munic\u00edpio pague um sal\u00e1rio a eles e que cada um tenho previamente estipulado seu local de trabalho, para n\u00e3o haver disputas.<\/p>\n<p><em>Fonte: O Di\u00e1rio<\/em><\/p>\n","protected":false},"excerpt":{"rendered":"<p>Os lojistas e frequentadores de estabelecimentos comerciais da regi\u00e3o central da cidade de Mogi das Cruzes dever\u00e3o ser os principais beneficiados, caso seja concretizado um projeto de lei para que os guardadores de carros, conhecidos como flanel\u00f5es, tenham de ser cadastrados pela Prefeitura para trabalhar. A proposta \u00e9 do vereador Expedito Ubiratan Tobias (PR), a [&hellip;]<\/p>\n","protected":false},"author":1,"featured_media":0,"comment_status":"open","ping_status":"open","sticky":false,"template":"","format":"standard","meta":{"footnotes":""},"categories":[6],"tags":[],"class_list":["post-442","post","type-post","status-publish","format-standard","hentry","category-noticias-mogi-das-cruzes"],"_links":{"self":[{"href":"https:\/\/www.encontramogidascruzes.com.br\/noticias\/wp-json\/wp\/v2\/posts\/442","targetHints":{"allow":["GET"]}}],"collection":[{"href":"https:\/\/www.encontramogidascruzes.com.br\/noticias\/wp-json\/wp\/v2\/posts"}],"about":[{"href":"https:\/\/www.encontramogidascruzes.com.br\/noticias\/wp-json\/wp\/v2\/types\/post"}],"author":[{"embeddable":true,"href":"https:\/\/www.encontramogidascruzes.com.br\/noticias\/wp-json\/wp\/v2\/users\/1"}],"replies":[{"embeddable":true,"href":"https:\/\/www.encontramogidascruzes.com.br\/noticias\/wp-json\/wp\/v2\/comments?post=442"}],"version-history":[{"count":0,"href":"https:\/\/www.encontramogidascruzes.com.br\/noticias\/wp-json\/wp\/v2\/posts\/442\/revisions"}],"wp:attachment":[{"href":"https:\/\/www.encontramogidascruzes.com.br\/noticias\/wp-json\/wp\/v2\/media?parent=442"}],"wp:term":[{"taxonomy":"category","embeddable":true,"href":"https:\/\/www.encontramogidascruzes.com.br\/noticias\/wp-json\/wp\/v2\/categories?post=442"},{"taxonomy":"post_tag","embeddable":true,"href":"https:\/\/www.encontramogidascruzes.com.br\/noticias\/wp-json\/wp\/v2\/tags?post=442"}],"curies":[{"name":"wp","href":"https:\/\/api.w.org\/{rel}","templated":true}]}}