{"id":480,"date":"2011-08-17T01:09:25","date_gmt":"2011-08-17T04:09:25","guid":{"rendered":"http:\/\/www.encontramogidascruzes.com.br\/noticias\/?p=480"},"modified":"2013-08-13T16:52:09","modified_gmt":"2013-08-13T19:52:09","slug":"estudantes-atuam-no-legislativo-de-mogi-das-cruzes","status":"publish","type":"post","link":"https:\/\/www.encontramogidascruzes.com.br\/noticias\/estudantes-atuam-no-legislativo-de-mogi-das-cruzes\/","title":{"rendered":"Estudantes \u2018atuam\u2019 no Legislativo de Mogi das Cruzes"},"content":{"rendered":"<p>Quarenta e oito alunos das redes particular, municipal e estadual participam da 3\u00aa edi\u00e7\u00e3o do Parlamento Estudantil, que teve in\u00edcio ontem com a diploma\u00e7\u00e3o dos jovens vereadores. Eles passar\u00e3o esta semana acompanhando as atividades da C\u00e2mara Municipal e tamb\u00e9m exercendo a fun\u00e7\u00e3o de parlamentares mogianos. A ideia da Casa \u00e9 reunir as propostas dos alunos como representa\u00e7\u00e3o das necessidades da Cidade e ainda oferecer a eles a oportunidade de conhecer o trabalho do Legislativo.<\/p>\n<p>&#8220;No Parlamento Estudantil, eles t\u00eam a chance de saber como se forma uma Cidade. Aqui n\u00e3o queremos formar novos vereadores, mas sim cidad\u00e3os conscientes. Temos, entre os participantes, representantes de toda Mogi das Cruzes, que trocar\u00e3o experi\u00eancias de vida e assim aprender\u00e3o a conviver, a tolerar&#8221;, destacou o presidente da C\u00e2mara Municipal, Mauro Ara\u00fajo.<\/p>\n<p>O vereador Jolindo Renn\u00f3 (PSDB) disse que o projeto amplia a democracia e apresenta o sentido da cidadania. &#8220;Os alunos trazem sugest\u00f5es que nascem na pr\u00f3pria comunidade e n\u00f3s, vereadores, conseguimos desta forma enxergar as necessidades que muitas vezes n\u00e3o s\u00e3o apresentadas a n\u00f3s. \u00c9 uma boa oportunidade de intera\u00e7\u00e3o para todos&#8221;, afirmou.<\/p>\n<p>Na opini\u00e3o do vereador Prot\u00e1ssio Ribeiro Nogueira (DEM), al\u00e9m de interagir, a chance tamb\u00e9m \u00e9 de mudar concep\u00e7\u00f5es. &#8220;Escutamos que pol\u00edtica \u00e9 coisa de velho, mas na verdade, todos podem participar. Os jovens mesmo podem ver algo errado e trabalhar para que seja alterado. Pol\u00edtica \u00e9 para o jovem, aquele que tem o poder de mudar opini\u00f5es&#8221;, completou.<\/p>\n<p>Supervisora de ensino da Secretaria Municipal de Educa\u00e7\u00e3o, Kelen Cristiane dos Santos Chacon, explicou que, com o Parlamento Estudantil, os jovens t\u00eam a oportunidade de iniciar um caminho de mudan\u00e7as na Cidade. &#8220;Com este projeto, os participantes poder\u00e3o perceber que \u00e9 poss\u00edvel adotar a\u00e7\u00f5es que beneficiem toda a sociedade. Ent\u00e3o, \u00e9 importante entender que cada um de n\u00f3s pode fazer a diferen\u00e7a e buscar melhorias para o local em que vive&#8221;, ressaltou.<\/p>\n<p>Ap\u00f3s a diploma\u00e7\u00e3o, os estudantes conheceram as instala\u00e7\u00f5es da C\u00e2mara Municipal, como setor administrativo, sala da presid\u00eancia e gabinetes de vereadores e tamb\u00e9m participaram de reuni\u00e3o para tirar d\u00favidas sobre o Parlamento Estudantil.<\/p>\n<p>Hoje e amanh\u00e3, os participantes poder\u00e3o acompanhar as sess\u00f5es ordin\u00e1rias, que acontecem \u00e0s 15 horas. J\u00e1 na quinta-feira, \u00e0s 14 horas, ser\u00e1 a posse dos vereadores estudantis. Em seguida, \u00e0s 15 horas, acontecer\u00e1 a sess\u00e3o ordin\u00e1ria dos vereadores mirins, enquanto que, \u00e0s 16 horas, ser\u00e1 a vez dos vereadores juvenis e, \u00e0s 17 horas, dos vereadores jovens. J\u00e1 nesta sexta- feira, \u00e0s 15 horas, acontece a sess\u00e3o solene de encerramento do Parlamento Estudantil, com entrega de certificados aos participantes.<\/p>\n<p><em>Fonte: O Di\u00e1rio<\/em><\/p>\n","protected":false},"excerpt":{"rendered":"<p>Quarenta e oito alunos das redes particular, municipal e estadual participam da 3\u00aa edi\u00e7\u00e3o do Parlamento Estudantil, que teve in\u00edcio ontem com a diploma\u00e7\u00e3o dos jovens vereadores. Eles passar\u00e3o esta semana acompanhando as atividades da C\u00e2mara Municipal e tamb\u00e9m exercendo a fun\u00e7\u00e3o de parlamentares mogianos. A ideia da Casa \u00e9 reunir as propostas dos alunos [&hellip;]<\/p>\n","protected":false},"author":1,"featured_media":0,"comment_status":"open","ping_status":"open","sticky":false,"template":"","format":"standard","meta":{"footnotes":""},"categories":[6],"tags":[],"class_list":["post-480","post","type-post","status-publish","format-standard","hentry","category-noticias-mogi-das-cruzes"],"_links":{"self":[{"href":"https:\/\/www.encontramogidascruzes.com.br\/noticias\/wp-json\/wp\/v2\/posts\/480","targetHints":{"allow":["GET"]}}],"collection":[{"href":"https:\/\/www.encontramogidascruzes.com.br\/noticias\/wp-json\/wp\/v2\/posts"}],"about":[{"href":"https:\/\/www.encontramogidascruzes.com.br\/noticias\/wp-json\/wp\/v2\/types\/post"}],"author":[{"embeddable":true,"href":"https:\/\/www.encontramogidascruzes.com.br\/noticias\/wp-json\/wp\/v2\/users\/1"}],"replies":[{"embeddable":true,"href":"https:\/\/www.encontramogidascruzes.com.br\/noticias\/wp-json\/wp\/v2\/comments?post=480"}],"version-history":[{"count":0,"href":"https:\/\/www.encontramogidascruzes.com.br\/noticias\/wp-json\/wp\/v2\/posts\/480\/revisions"}],"wp:attachment":[{"href":"https:\/\/www.encontramogidascruzes.com.br\/noticias\/wp-json\/wp\/v2\/media?parent=480"}],"wp:term":[{"taxonomy":"category","embeddable":true,"href":"https:\/\/www.encontramogidascruzes.com.br\/noticias\/wp-json\/wp\/v2\/categories?post=480"},{"taxonomy":"post_tag","embeddable":true,"href":"https:\/\/www.encontramogidascruzes.com.br\/noticias\/wp-json\/wp\/v2\/tags?post=480"}],"curies":[{"name":"wp","href":"https:\/\/api.w.org\/{rel}","templated":true}]}}