{"id":495,"date":"2011-08-19T12:08:03","date_gmt":"2011-08-19T15:08:03","guid":{"rendered":"http:\/\/www.encontramogidascruzes.com.br\/noticias\/?p=495"},"modified":"2013-08-13T16:52:09","modified_gmt":"2013-08-13T19:52:09","slug":"alunos-de-mogi-das-cruzes-defendem-rodizio-de-carro-%e2%80%8e","status":"publish","type":"post","link":"https:\/\/www.encontramogidascruzes.com.br\/noticias\/alunos-de-mogi-das-cruzes-defendem-rodizio-de-carro-%e2%80%8e\/","title":{"rendered":"Alunos de Mogi das Cruzes defendem rod\u00edzio de carro \u200e"},"content":{"rendered":"<p>A implanta\u00e7\u00e3o de rod\u00edzio de autom\u00f3veis no tr\u00e2nsito de Encontra Mogi das Cruzes ganhou destaque em dobro durante as sess\u00f5es do Parlamento Estudantil, realizadas na tarde de ontem, na C\u00e2mara Municipal. Isso porque dois dos projetos apresentados pelos estudantes prop\u00f5em esta medida, tanto para diminuir o fluxo de ve\u00edculos na Cidade quanto para reduzir a polui\u00e7\u00e3o do ar. A programa\u00e7\u00e3o de atividades para os jovens, que tiveram a oportunidade de serem vereadores por uma semana, se encerra \u00e0s 15 horas de hoje, com uma sess\u00e3o solene para entrega de certificados aos participantes.<\/p>\n<p>O primeiro projeto sobre rod\u00edzio de ve\u00edculo apresentado ontem \u00e9 de autoria de Raquel Madalena Nascimento, de 13 anos, que cursa a 8\u00aa s\u00e9rie do Ensino Fundamental no Col\u00e9gio Mello Dante, participante do Parlamento Juvenil. Segundo o texto, ficaria estabelecido a implanta\u00e7\u00e3o de rod\u00edzio das 7 \u00e0s 10 horas e das 17 \u00e0s 20 horas, de segunda \u00e0 sexta-feira, exceto feriados e per\u00edodo de f\u00e9rias escolares. A fiscaliza\u00e7\u00e3o seria feita pela Secretaria Municipal de Transportes e o desrespeito \u00e0 lei punido com multa de 15% sobre o valor do sal\u00e1rio m\u00ednimo mais a inclus\u00e3o de quatro pontos na Carteira Nacional de Habilita\u00e7\u00e3o (CNH). &#8220;Meu pai e minha m\u00e3e me ajudaram nesta ideia e na formula\u00e7\u00e3o do projeto. A cria\u00e7\u00e3o do rod\u00edzio em Mogi seria muito importante para facilitar o nosso tr\u00e2nsito e tamb\u00e9m melhorar o meio ambiente&#8221;, diz Raquel.<\/p>\n<p>Em seguida, na sess\u00e3o do Parlamento Jovem, a ideia do revezamento de ve\u00edculos no tr\u00e2nsito do Munic\u00edpio foi defendida por Willian Sogiro, de 17 anos, estudante do 2\u00ba ano do Ensino M\u00e9dio do Col\u00e9gio Guarani.<\/p>\n<p>O projeto do estudante tamb\u00e9m determina o rod\u00edzio de segunda \u00e0 sexta-feira, exceto feriados, al\u00e9m de especificar que a restri\u00e7\u00e3o ao tr\u00e1fego n\u00e3o se aplica ao transporte coletivo e de lota\u00e7\u00e3o devidamente autorizados a operar o servi\u00e7o, motocicletas, t\u00e1xis, transporte escolar, guinchos e ve\u00edculos empregados em servi\u00e7os essenciais e de emerg\u00eancia.<\/p>\n<p>&#8220;O tr\u00e2nsito de Mogi est\u00e1 um caos. Tive a ideia do projeto porque, no hor\u00e1rio em que saio da escola, \u00e0 tarde, vejo quanto o tr\u00e1fego est\u00e1 parado e com todos buzinando&#8221;, diz. O jovem destacou tamb\u00e9m chegou atrasado \u00e0 C\u00e2mara no primeiro dia de atividades do Parlamento Estudantil, na segunda-feira, justamente por conta do congestionamento enfrentado naquela manh\u00e3.<\/p>\n<p>Ontem foram realizadas tr\u00eas sess\u00f5es: dos vereadores mirins (3\u00ba ao 5\u00ba ano do Ensino Fundamental), dos vereadores juvenis (6\u00ba ao 9\u00ba do Fundamental) e dos vereadores jovens (1\u00ba ao 3\u00ba ano do Ensino M\u00e9dio). Entre os demais temas abordados nos 47 projetos apresentados, os mais frequentes foram reciclagem e meio ambiente, seguran\u00e7a nas escolas e cultura.<\/p>\n<p>De acordo com o presidente do Legislativo, Mauro Ara\u00fajo (sem partido), todas as ideias dos participantes ser\u00e3o transformadas pela C\u00e2mara em indica\u00e7\u00f5es ou anteprojetos, posteriormente enviados \u00e0 Prefeitura.<\/p>\n<p><em>Fonte: O Di\u00e1rio<\/em><\/p>\n","protected":false},"excerpt":{"rendered":"<p>A implanta\u00e7\u00e3o de rod\u00edzio de autom\u00f3veis no tr\u00e2nsito de Encontra Mogi das Cruzes ganhou destaque em dobro durante as sess\u00f5es do Parlamento Estudantil, realizadas na tarde de ontem, na C\u00e2mara Municipal. Isso porque dois dos projetos apresentados pelos estudantes prop\u00f5em esta medida, tanto para diminuir o fluxo de ve\u00edculos na Cidade quanto para reduzir a [&hellip;]<\/p>\n","protected":false},"author":1,"featured_media":0,"comment_status":"open","ping_status":"open","sticky":false,"template":"","format":"standard","meta":{"footnotes":""},"categories":[6],"tags":[],"class_list":["post-495","post","type-post","status-publish","format-standard","hentry","category-noticias-mogi-das-cruzes"],"_links":{"self":[{"href":"https:\/\/www.encontramogidascruzes.com.br\/noticias\/wp-json\/wp\/v2\/posts\/495","targetHints":{"allow":["GET"]}}],"collection":[{"href":"https:\/\/www.encontramogidascruzes.com.br\/noticias\/wp-json\/wp\/v2\/posts"}],"about":[{"href":"https:\/\/www.encontramogidascruzes.com.br\/noticias\/wp-json\/wp\/v2\/types\/post"}],"author":[{"embeddable":true,"href":"https:\/\/www.encontramogidascruzes.com.br\/noticias\/wp-json\/wp\/v2\/users\/1"}],"replies":[{"embeddable":true,"href":"https:\/\/www.encontramogidascruzes.com.br\/noticias\/wp-json\/wp\/v2\/comments?post=495"}],"version-history":[{"count":0,"href":"https:\/\/www.encontramogidascruzes.com.br\/noticias\/wp-json\/wp\/v2\/posts\/495\/revisions"}],"wp:attachment":[{"href":"https:\/\/www.encontramogidascruzes.com.br\/noticias\/wp-json\/wp\/v2\/media?parent=495"}],"wp:term":[{"taxonomy":"category","embeddable":true,"href":"https:\/\/www.encontramogidascruzes.com.br\/noticias\/wp-json\/wp\/v2\/categories?post=495"},{"taxonomy":"post_tag","embeddable":true,"href":"https:\/\/www.encontramogidascruzes.com.br\/noticias\/wp-json\/wp\/v2\/tags?post=495"}],"curies":[{"name":"wp","href":"https:\/\/api.w.org\/{rel}","templated":true}]}}