{"id":508,"date":"2011-08-26T13:16:52","date_gmt":"2011-08-26T16:16:52","guid":{"rendered":"http:\/\/www.encontramogidascruzes.com.br\/noticias\/?p=508"},"modified":"2013-08-13T16:52:09","modified_gmt":"2013-08-13T19:52:09","slug":"28-mil-esperam-vaga-em-creches-de-mogi-das-cruzes","status":"publish","type":"post","link":"https:\/\/www.encontramogidascruzes.com.br\/noticias\/28-mil-esperam-vaga-em-creches-de-mogi-das-cruzes\/","title":{"rendered":"2,8 mil esperam vaga em creches de Mogi das Cruzes"},"content":{"rendered":"<p>A cidade de Mogi das Cruzes tem pelo menos 2,8 mil crian\u00e7as at\u00e9 cinco anos aguardando vagas em creches municipais e subvencionadas. De acordo com o defensor p\u00fablico da Inf\u00e2ncia e Juventude do Munic\u00edpio, Rafael de Souza Miranda, h\u00e1, atualmente, 21 a\u00e7\u00f5es de m\u00e3es que n\u00e3o conseguem realizar esta matr\u00edcula.<\/p>\n<p>&#8220;Desde que comecei a atuar na Defensoria, em mar\u00e7o deste ano, percebo um aumento na demanda por este tipo de a\u00e7\u00e3o&#8221;, revela Rafael. Ele diz que a Prefeitura \u00e9 obrigada a oferecer vagas em creches \u00e0 toda popula\u00e7\u00e3o menor de 5 anos, mas a Lei n\u00e3o estabelece um prazo para que isso aconte\u00e7a.<\/p>\n<p>Treice Aparecida Aguiar dos Santos, de 25 anos, cadastrou a filha Ana Aguiar para uma vaga em uma creche da Prefeitura quando a crian\u00e7a tinha 4 meses. &#8220;Tenho mais dois filhos e sabia que iria demorar, por isso fiz isso quando ela ainda era bem pequena&#8221;, conta. A filha, agora com 1 ano e 6 meses, ainda n\u00e3o conseguiu se matricular.<\/p>\n<p>Treice diz que j\u00e1 tentou de tudo. &#8220;Voltei v\u00e1rias vezes para saber a situa\u00e7\u00e3o e sempre recebia respostas negativas&#8221;, revela. Quando a crian\u00e7a completou 1 ano, a av\u00f3, que antes cuidava da menina enquanto a m\u00e3e trabalhava, precisou se mudar para outra cidade. &#8220;Ent\u00e3o, fiquei sem ningu\u00e9m para ficar com minha filha&#8221;, lamenta.<\/p>\n<p>Batalhadora, Treice diz que todo o sustento da fam\u00edlia vem de sua renda de R$ 200 mensais. &#8220;O pai das crian\u00e7as n\u00e3o mora comigo e n\u00e3o paga um centavo de pens\u00e3o. Preciso me virar para n\u00e3o deixar faltar o leite delas&#8221;, conta.<\/p>\n<p>Apresentando a carteira provis\u00f3ria do Conselho Regional de Enfermagem (Coren) e uma lista de documentos solicitados por uma empresa, ela diz que precisou dispensar propostas de trabalho por n\u00e3o ter com quem deixar a crian\u00e7a. &#8220;Conquistei tudo na minha vida com muito esfor\u00e7o. Fiz cursos de panifica\u00e7\u00e3o, secretariado, inicia\u00e7\u00e3o a servi\u00e7os de escrit\u00f3rio, croch\u00ea, viol\u00e3o, pintura em pano de prato, ajudante gr\u00e1fico, inform\u00e1tica, digita\u00e7\u00e3o, joguei at\u00e9 futebol e terminei recentemente o curso de t\u00e9cnico e auxiliar de enfermagem, no quais tive bolsa integral&#8221;, conta ela.&#8221;<\/p>\n<p>Mesmo com este curr\u00edculo, Treice est\u00e1 desempregada desde que a m\u00e3e mudou de cidade, mas garante o sustento da fam\u00edlia com a renda do Bolsa Fam\u00edlia e algumas faxinas que consegue fazer. &#8220;Tive v\u00e1rias portas fechadas por n\u00e3o ter com quem deixar minha filha&#8221;, conta.<\/p>\n<p>Com a filha cadastrada na creche Anna Becker de Sal\u00e9m, no Parque Ol\u00edmpico, onde mora, Treice diz que j\u00e1 entrou em contato com a Secretaria Municipal de Educa\u00e7\u00e3o por cinco vezes. Al\u00e9m disso, j\u00e1 fez seis visitas ao Conselho Tutela e tr\u00eas ao gabinete do prefeito, onde conseguiu falar com ele em duas. Mais duas vezes, falou com os assessores parlamentares, sendo que em uma delas teve de solicitar protocolo registrando a entrega de documentos e, por \u00faltimo, buscou ajuda na Defensoria P\u00fablica.<\/p>\n<p>&#8220;Fui procurar um advogado gratuito para conseguir essa vaga, mas ele disse que eu preciso aguardar a resolu\u00e7\u00e3o de pelo menos uns 80 processos. Ent\u00e3o, vai demorar bastante&#8221;, considera.<\/p>\n<p>Ao saber desta hist\u00f3ria, o promotor Rafael de Souza Miranda disse que &#8220;\u00e9 algo inadmiss\u00edvel, que foge da razoabilidade&#8221;.<\/p>\n<p>O Programa de Expans\u00e3o de Creches da Prefeitura pretende inaugurar, at\u00e9 o final de 2012, mais 40 creches no Munic\u00edpio. At\u00e9 o momento, 19 delas j\u00e1 foram entregues. Ao todo, 5.680 crian\u00e7as devem ser beneficiadas.<\/p>\n<p>A Secretaria Municipal de Educa\u00e7\u00e3o diz que a Cidade disp\u00f5e de um cadastro unificado para as creches, que atende prioritariamente as m\u00e3es que trabalham, fam\u00edlias de baixa renda e crian\u00e7as em situa\u00e7\u00f5es de vulnerabilidade social. At\u00e9 o dia 20 de agosto, 1.138 crian\u00e7as na faixa et\u00e1ria de Ana L\u00edvia &#8211; de 1 a 2 anos &#8211; aguardavam vagas.<\/p>\n<p>Pelo sistema do Cadastro Municipal Unificado, no Parque Ol\u00edmpico existem 26 alunos com situa\u00e7\u00e3o parecida \u00e0 de Ana L\u00edvia. A Secretaria de Educa\u00e7\u00e3o explica que, devido ao crit\u00e9rio de renda familiar, a crian\u00e7a ser\u00e1 a pr\u00f3xima a ser chamada, assim que surgir uma vaga. Ao ser informada disso, Treice disse: &#8220;Novamente ela \u00e9 a primeira da lista? J\u00e1 ouvi isso antes&#8221;, questiona.<\/p>\n<p>As pessoas que est\u00e3o com dificuldade em obten\u00e7\u00e3o de vagas em creches do Munic\u00edpio podem procurar a Defensoria P\u00fablica, na Rua Francisco Martins, 30, no Socorro, de segunda \u00e0 sexta-feira. A distribui\u00e7\u00e3o de senhas ocorre das 8 horas \u00e0s 9h30.<\/p>\n<p><em>Fonte: O Di\u00e1rio de Mogi<\/em><\/p>\n","protected":false},"excerpt":{"rendered":"<p>A cidade de Mogi das Cruzes tem pelo menos 2,8 mil crian\u00e7as at\u00e9 cinco anos aguardando vagas em creches municipais e subvencionadas. De acordo com o defensor p\u00fablico da Inf\u00e2ncia e Juventude do Munic\u00edpio, Rafael de Souza Miranda, h\u00e1, atualmente, 21 a\u00e7\u00f5es de m\u00e3es que n\u00e3o conseguem realizar esta matr\u00edcula. &#8220;Desde que comecei a atuar [&hellip;]<\/p>\n","protected":false},"author":1,"featured_media":0,"comment_status":"open","ping_status":"open","sticky":false,"template":"","format":"standard","meta":{"footnotes":""},"categories":[6],"tags":[],"class_list":["post-508","post","type-post","status-publish","format-standard","hentry","category-noticias-mogi-das-cruzes"],"_links":{"self":[{"href":"https:\/\/www.encontramogidascruzes.com.br\/noticias\/wp-json\/wp\/v2\/posts\/508","targetHints":{"allow":["GET"]}}],"collection":[{"href":"https:\/\/www.encontramogidascruzes.com.br\/noticias\/wp-json\/wp\/v2\/posts"}],"about":[{"href":"https:\/\/www.encontramogidascruzes.com.br\/noticias\/wp-json\/wp\/v2\/types\/post"}],"author":[{"embeddable":true,"href":"https:\/\/www.encontramogidascruzes.com.br\/noticias\/wp-json\/wp\/v2\/users\/1"}],"replies":[{"embeddable":true,"href":"https:\/\/www.encontramogidascruzes.com.br\/noticias\/wp-json\/wp\/v2\/comments?post=508"}],"version-history":[{"count":0,"href":"https:\/\/www.encontramogidascruzes.com.br\/noticias\/wp-json\/wp\/v2\/posts\/508\/revisions"}],"wp:attachment":[{"href":"https:\/\/www.encontramogidascruzes.com.br\/noticias\/wp-json\/wp\/v2\/media?parent=508"}],"wp:term":[{"taxonomy":"category","embeddable":true,"href":"https:\/\/www.encontramogidascruzes.com.br\/noticias\/wp-json\/wp\/v2\/categories?post=508"},{"taxonomy":"post_tag","embeddable":true,"href":"https:\/\/www.encontramogidascruzes.com.br\/noticias\/wp-json\/wp\/v2\/tags?post=508"}],"curies":[{"name":"wp","href":"https:\/\/api.w.org\/{rel}","templated":true}]}}