{"id":737,"date":"2012-02-06T13:14:16","date_gmt":"2012-02-06T16:14:16","guid":{"rendered":"http:\/\/www.encontramogidascruzes.com.br\/noticias\/?p=737"},"modified":"2013-08-13T16:53:19","modified_gmt":"2013-08-13T19:53:19","slug":"estacao-de-cptm-em-mogi-das-cruzes-ganhara-galera","status":"publish","type":"post","link":"https:\/\/www.encontramogidascruzes.com.br\/noticias\/estacao-de-cptm-em-mogi-das-cruzes-ganhara-galera\/","title":{"rendered":"Esta\u00e7\u00e3o de CPTM em Mogi das Cruzes ganhar\u00e1 galera"},"content":{"rendered":"<p>Levar arte, poesia e cultura para as esta\u00e7\u00f5es do sistema metroferrovi\u00e1rio paulista. A proposta \u00e9 &#8220;m\u00e1gica&#8221; e j\u00e1 existe, especialmente nos terminais da Capital. A previs\u00e3o da Companhia Paulista de Trens Metropolitanos (CPTM) \u00e9 de que em guia Mogi das Cruzes tamb\u00e9m exista um espa\u00e7o semelhante. A Esta\u00e7\u00e3o Estudantes, que ser\u00e1 reformada a partir do pr\u00f3ximo ano, dever\u00e1 ganhar uma passagem subterr\u00e2nea para pedestres, cujo conceito vai muito al\u00e9m de um simples local de passagem para travessia dos trilhos. O corredor, que dever\u00e1 somar cerca de 300 metros de comprimento, ter\u00e1 ares de uma &#8220;galeria de arte&#8221;. A garantia foi dada na \u00faltima segunda-feira pelo presidente da CPTM, M\u00e1rio Bandeira, que esteve na Cidade para uma visita ao gabinete do prefeito Marco Bertaiolli (PSD).<\/p>\n<p>A futura passarela da Esta\u00e7\u00e3o Estudantes far\u00e1 a liga\u00e7\u00e3o entre o terminal do transporte p\u00fablico municipal, a esta\u00e7\u00e3o ferrovi\u00e1ria e a Rodovi\u00e1ria Geraldo Scavone, permitindo a livre passagem de pedestres de um lado para outro da linha. E \u00e9 justamente neste corredor que ser\u00e3o realizadas as exposi\u00e7\u00f5es art\u00edsticas. O fato de estar instalada na \u00e1rea n\u00e3o paga da esta\u00e7\u00e3o pode ser considerado uma das grandes vantagens da futura galeria. Esta ser\u00e1 uma iniciativa pioneira da CPTM, que possui ampla programa\u00e7\u00e3o de eventos culturais, usualmente promovidos no interior dos pr\u00e9dios, ou seja, em locais a que somente usu\u00e1rios t\u00eam acesso. J\u00e1 o projeto mogiano ser\u00e1 realizado aos moldes do que ocorre em algumas das esta\u00e7\u00f5es do Metr\u00f4 de S\u00e3o Paulo, em que as pessoas podem conhecer as exposi\u00e7\u00f5es, independentemente de pagar a passagem ou n\u00e3o. A reportagem de O Di\u00e1rio foi at\u00e9 a Capital nesta semana e visitou as linhas Verde e Vermelha do Metr\u00f4 para conhecer essas &#8220;galerias&#8221; de perto.<\/p>\n<p>A primeira parada foi na Esta\u00e7\u00e3o Santa Cec\u00edlia, na Linha Vermelha, onde o Metr\u00f4 mant\u00e9m um projeto permanente com paineis sobre grandes nomes da literatura nacional. Os murais coloridos, afixados ao longo de toda a \u00e1rea coberta do corredor de entrada do terminal, misturam fotografias e poesias de autores como Jorge Amado, \u00c9rico Ver\u00edssimo, Vinicius de Moraes, Carlos Drumond de Andrade, Clarice Lispector, entre v\u00e1rios outros. Todos os textos s\u00e3o datados e organizados cronologicamente, de forma que os paineis acabam tamb\u00e9m contando parte da hist\u00f3ria liter\u00e1ria do Pa\u00eds. Quando a reportagem de O Di\u00e1rio chegou ao local, encontrou o aposentado Clarindo da Silva parado em frente ao primeiro mural, lendo uma frase de Pero Vaz de Caminha. &#8220;\u00c9 muito bom parar e ver. A gente faz uma volta ao tempo, em uma \u00e9poca que n\u00e3o conhecemos&#8221;.<\/p>\n<p>Na Linha Verde, o destino foi a Esta\u00e7\u00e3o Cl\u00ednicas, em Pinheiros. O terminal possui um amplo corredor de passagem, que \u00e9 constantemente utilizado para dar espa\u00e7o a exposi\u00e7\u00f5es e manifesta\u00e7\u00f5es culturais, dos mais diversos segmentos. Nesta semana, o local recebia a exposi\u00e7\u00e3o &#8220;Natureza&#8221;, de Marli Takeda. A partir da colagem de sobras de adesivos, a artista criou seis \u00e1rvores, com 3,5 metros de altura cada uma, que se estendem por cerca de 20 metros no interior da passarela. Al\u00e9m do aspecto art\u00edstico, a interven\u00e7\u00e3o tamb\u00e9m possui forte apelo conceitual, j\u00e1 que chama a aten\u00e7\u00e3o para a reciclagem e reutiliza\u00e7\u00e3o de materiais como forma de preserva\u00e7\u00e3o ambiental.<\/p>\n<p>Estudantes<\/p>\n<p>A expectativa \u00e9 de que a Esta\u00e7\u00e3o Estudantes receba projetos semelhantes. A assessora t\u00e9cnica da CPTM, Maria Salete Zandon\u00e1, respons\u00e1vel pelos eventos culturais da estatal, explica que, ap\u00f3s a conclus\u00e3o das obras, o terminal dever\u00e1 ser inclu\u00eddo num cronograma para eventos e exposi\u00e7\u00f5es. Ela explica que alguns projetos ser\u00e3o promovidos pela pr\u00f3pria Companhia, mas que a maioria deles dever\u00e1 partir da pr\u00f3pria comunidade, de artistas, entidades ou mesmo do Poder P\u00fablico local. Salete comentou a import\u00e2ncia das exposi\u00e7\u00f5es no interior das esta\u00e7\u00f5es: &#8220;A ideia \u00e9 levar cultura e entretenimento. \u00c9 muito bom observar como as pessoas param e ouvem uma m\u00fasica ou observam uma tela, no meio da correria da volta para casa. \u00c9 uma experi\u00eancia gratificante&#8221;.<\/p>\n<p><em>Fonte: O Di\u00e1rio de Mogi<\/em><\/p>\n","protected":false},"excerpt":{"rendered":"<p>Levar arte, poesia e cultura para as esta\u00e7\u00f5es do sistema metroferrovi\u00e1rio paulista. A proposta \u00e9 &#8220;m\u00e1gica&#8221; e j\u00e1 existe, especialmente nos terminais da Capital. A previs\u00e3o da Companhia Paulista de Trens Metropolitanos (CPTM) \u00e9 de que em guia Mogi das Cruzes tamb\u00e9m exista um espa\u00e7o semelhante. A Esta\u00e7\u00e3o Estudantes, que ser\u00e1 reformada a partir do [&hellip;]<\/p>\n","protected":false},"author":1,"featured_media":0,"comment_status":"open","ping_status":"open","sticky":false,"template":"","format":"standard","meta":{"footnotes":""},"categories":[6],"tags":[],"class_list":["post-737","post","type-post","status-publish","format-standard","hentry","category-noticias-mogi-das-cruzes"],"_links":{"self":[{"href":"https:\/\/www.encontramogidascruzes.com.br\/noticias\/wp-json\/wp\/v2\/posts\/737","targetHints":{"allow":["GET"]}}],"collection":[{"href":"https:\/\/www.encontramogidascruzes.com.br\/noticias\/wp-json\/wp\/v2\/posts"}],"about":[{"href":"https:\/\/www.encontramogidascruzes.com.br\/noticias\/wp-json\/wp\/v2\/types\/post"}],"author":[{"embeddable":true,"href":"https:\/\/www.encontramogidascruzes.com.br\/noticias\/wp-json\/wp\/v2\/users\/1"}],"replies":[{"embeddable":true,"href":"https:\/\/www.encontramogidascruzes.com.br\/noticias\/wp-json\/wp\/v2\/comments?post=737"}],"version-history":[{"count":0,"href":"https:\/\/www.encontramogidascruzes.com.br\/noticias\/wp-json\/wp\/v2\/posts\/737\/revisions"}],"wp:attachment":[{"href":"https:\/\/www.encontramogidascruzes.com.br\/noticias\/wp-json\/wp\/v2\/media?parent=737"}],"wp:term":[{"taxonomy":"category","embeddable":true,"href":"https:\/\/www.encontramogidascruzes.com.br\/noticias\/wp-json\/wp\/v2\/categories?post=737"},{"taxonomy":"post_tag","embeddable":true,"href":"https:\/\/www.encontramogidascruzes.com.br\/noticias\/wp-json\/wp\/v2\/tags?post=737"}],"curies":[{"name":"wp","href":"https:\/\/api.w.org\/{rel}","templated":true}]}}