{"id":74,"date":"2010-12-30T20:47:31","date_gmt":"2010-12-30T20:47:31","guid":{"rendered":"http:\/\/www.encontramogidascruzes.com.br\/noticias\/?p=74"},"modified":"2013-08-13T16:52:12","modified_gmt":"2013-08-13T19:52:12","slug":"projeto-busca-novos-parceiros-para-adocao-de-pracas-em-mogi-das-cruzes","status":"publish","type":"post","link":"https:\/\/www.encontramogidascruzes.com.br\/noticias\/projeto-busca-novos-parceiros-para-adocao-de-pracas-em-mogi-das-cruzes\/","title":{"rendered":"Projeto busca novos parceiros para \u2018ado\u00e7\u00e3o\u2019 de pra\u00e7as em Mogi das Cruzes"},"content":{"rendered":"<p>Das 151 pra\u00e7as existentes na cidade Mogi das Cruzes, apenas 34 s\u00e3o adotadas por empresas da Cidade, por meio do projeto Adote Uma Pra\u00e7a, da Prefeitura de Mogi. Com o programa, as entidades ficam respons\u00e1veis pela manuten\u00e7\u00e3o dos espa\u00e7os p\u00fablicos, tendo em troca a divulga\u00e7\u00e3o da marca na pr\u00f3pria pra\u00e7a. Segundo o secret\u00e1rio municipal de Servi\u00e7os Urbanos, o n\u00famero de ades\u00e3o ainda \u00e9 baixo. Por isso, a Prefeitura procura novos parceiros do projeto. &#8220;Todas as \u00e1reas verdes da Cidade s\u00e3o consideradas pra\u00e7as. Estes espa\u00e7os podem ser adotados por qualquer empresa, independentemente do porte que ela apresenta. Hoje temos, inclusive, associa\u00e7\u00f5es e pequenas entidades que tamb\u00e9m firmaram este contrato com a Prefeitura&#8221;, aponta.<\/p>\n<p>Atualmente, 34 espa\u00e7os est\u00e3o adotados por 33 empresas &#8211; apenas o Grupo Gerdau \u00e9 respons\u00e1vel por duas \u00e1reas. &#8220;Com isso, ainda sobram 117 pra\u00e7as a serem escolhidas. Estamos buscando mais parceiros, at\u00e9 mesmo porque, com a ado\u00e7\u00e3o, a Prefeitura consegue destinar o dinheiro que antes era usado na manuten\u00e7\u00e3o daquele local para execu\u00e7\u00e3o de outros servi\u00e7os na Cidade. Al\u00e9m disso, \u00e9 uma garantia de que aquela \u00e1rea ficar\u00e1 durante todo o ano em boas condi\u00e7\u00f5es, tanto esteticamente quanto para o uso da comunidade. Este, inclusive, \u00e9 o principal objetivo&#8221;, descreve.<\/p>\n<p>Ao adotar uma pra\u00e7a, acrescenta ele, a empresa fica respons\u00e1vel por servi\u00e7os de manuten\u00e7\u00e3o, como pintura, limpeza e paisagismo. &#8220;Trabalhos na parte estrutural, como ilumina\u00e7\u00e3o, poda de grandes \u00e1rvores, e outros servi\u00e7os maiores, ainda s\u00e3o de responsabilidade da Prefeitura. A Administra\u00e7\u00e3o, inclusive, tem feito recentemente um trabalho de refor\u00e7o de ilumina\u00e7\u00e3o p\u00fablica em todo o Munic\u00edpio, incluindo as pra\u00e7as p\u00fablicas, visando n\u00e3o somente um melhor aproveitamento como mais seguran\u00e7a aos usu\u00e1rios&#8221;, conta, citando alguns dos pontos que receberam a melhoria, como Pra\u00e7a Oswaldo Cruz, Francisca Campos Mello Freire e do Socorro.<\/p>\n<p>As empresas interessadas em aderir ao programa Adote uma Pra\u00e7a podem entrar em contato com o chefe de servi\u00e7os Guilherme Alves dos Anjos, respons\u00e1vel pelo projeto, pelo telefone 4798-5006.<\/p>\n<p><em>Fonte: O Di\u00e1rio<\/em><\/p>\n","protected":false},"excerpt":{"rendered":"<p>Das 151 pra\u00e7as existentes na cidade Mogi das Cruzes, apenas 34 s\u00e3o adotadas por empresas da Cidade, por meio do projeto Adote Uma Pra\u00e7a, da Prefeitura de Mogi. Com o programa, as entidades ficam respons\u00e1veis pela manuten\u00e7\u00e3o dos espa\u00e7os p\u00fablicos, tendo em troca a divulga\u00e7\u00e3o da marca na pr\u00f3pria pra\u00e7a. Segundo o secret\u00e1rio municipal de [&hellip;]<\/p>\n","protected":false},"author":1,"featured_media":0,"comment_status":"open","ping_status":"open","sticky":false,"template":"","format":"standard","meta":{"footnotes":""},"categories":[6],"tags":[14],"class_list":["post-74","post","type-post","status-publish","format-standard","hentry","category-noticias-mogi-das-cruzes","tag-mogi-das-cruzes"],"_links":{"self":[{"href":"https:\/\/www.encontramogidascruzes.com.br\/noticias\/wp-json\/wp\/v2\/posts\/74","targetHints":{"allow":["GET"]}}],"collection":[{"href":"https:\/\/www.encontramogidascruzes.com.br\/noticias\/wp-json\/wp\/v2\/posts"}],"about":[{"href":"https:\/\/www.encontramogidascruzes.com.br\/noticias\/wp-json\/wp\/v2\/types\/post"}],"author":[{"embeddable":true,"href":"https:\/\/www.encontramogidascruzes.com.br\/noticias\/wp-json\/wp\/v2\/users\/1"}],"replies":[{"embeddable":true,"href":"https:\/\/www.encontramogidascruzes.com.br\/noticias\/wp-json\/wp\/v2\/comments?post=74"}],"version-history":[{"count":0,"href":"https:\/\/www.encontramogidascruzes.com.br\/noticias\/wp-json\/wp\/v2\/posts\/74\/revisions"}],"wp:attachment":[{"href":"https:\/\/www.encontramogidascruzes.com.br\/noticias\/wp-json\/wp\/v2\/media?parent=74"}],"wp:term":[{"taxonomy":"category","embeddable":true,"href":"https:\/\/www.encontramogidascruzes.com.br\/noticias\/wp-json\/wp\/v2\/categories?post=74"},{"taxonomy":"post_tag","embeddable":true,"href":"https:\/\/www.encontramogidascruzes.com.br\/noticias\/wp-json\/wp\/v2\/tags?post=74"}],"curies":[{"name":"wp","href":"https:\/\/api.w.org\/{rel}","templated":true}]}}