{"id":769,"date":"2012-03-07T11:05:27","date_gmt":"2012-03-07T14:05:27","guid":{"rendered":"http:\/\/www.encontramogidascruzes.com.br\/noticias\/?p=769"},"modified":"2013-08-13T16:53:19","modified_gmt":"2013-08-13T19:53:19","slug":"mogi-das-cruzes-sofre-com-descaso-em-fiacoes-%e2%80%8e","status":"publish","type":"post","link":"https:\/\/www.encontramogidascruzes.com.br\/noticias\/mogi-das-cruzes-sofre-com-descaso-em-fiacoes-%e2%80%8e\/","title":{"rendered":"Mogi das Cruzes sofre com descaso em fia\u00e7\u00f5es \u200e"},"content":{"rendered":"<p>Preocupado com a situa\u00e7\u00e3o dos fios emaranhados em diferentes pontos do Centro da cidade de Mogi das Cruzes, o psic\u00f3logo Gabriel Tarrag\u00f4, morador da \u00e1rea central, sugere a reinstala\u00e7\u00e3o das redes que est\u00e3o com o problema. Ruas como Coronel Souza Franco, Dr. Paulo Frontin e Ant\u00f4nio Candido Vieira s\u00e3o algumas das vias com a fia\u00e7\u00e3o nestas condi\u00e7\u00f5es.<\/p>\n<p>Em janeiro passado, Tarrag\u00f4, que mora na Rua Otto Unger, decidiu registrar em fotografias o estado cr\u00edtico de parte da rede de fia\u00e7\u00e3o da Cidade, que conta com fios de energia el\u00e9trica, TV a cabo e telefonia fixa, entre outros servi\u00e7os.<\/p>\n<p>&#8220;Parece servi\u00e7o mal-feito, fica uma coisa muito feia. As fotos mostram o problema nas Ruas Coronel Souza Franco, em diferentes pontos e na esquina dela com a Capit\u00e3o Manoel Caetano, e na Paulo Frontin, mas tem mais por a\u00ed, no Centro, como ali perto do Mercado Municipal, e nos bairros tamb\u00e9m. E h\u00e1 o caso dos rolos de fios deixados nos postes pelos funcion\u00e1rios das empresas respons\u00e1veis por mexer com isso. A gente n\u00e3o sabe se eles est\u00e3o energizados e se representam algum risco para n\u00f3s. Esses dias vi um caso assim na Rua do Bar Buxixo (Capit\u00e3o Manoel Rudge \u2013 Vila Oliveira), uma coisa horr\u00edvel&#8221;, disse.<\/p>\n<p>Para Tarrag\u00f4, uma das alternativas \u00e9 que as instala\u00e7\u00f5es com esses problemas sejam reinstaladas de forma mais organizada. &#8220;\u00c9 um modo barato para resolver o problema, se comparado \u00e0 hip\u00f3tese de fazer uma rede subterr\u00e2nea. Ontem (anteontem) \u00e0 tarde, enviei um e-mail para o (prefeito) Marco Bertaiolli para que ele veja a situa\u00e7\u00e3o da Cidade. Isso tudo me parece hip\u00f3crita. Temos a Lei Mogi Mais Viva, onde os comerciantes, \u00e0s vezes, nem podem usar uma placa para divulgar o seu estabelecimento, mas a Prefeitura permite que os fios continuem assim&#8221;, salientou.<\/p>\n<p>Outro ponto com problema \u00e9 a Rua Doutor C\u00e2ndido Vieira. &#8220;Entre a Pra\u00e7a do Shangai e a Rangel Pestana, onde a fia\u00e7\u00e3o foi trocada h\u00e1 pouco mais de um m\u00eas. Um servi\u00e7o bem mal terminado&#8221;, explicou o professor aposentado Sebasti\u00e3o Witter, que reside nas proximidades.<\/p>\n<p>No come\u00e7o da via, perto da Rua Coronel Cardoso de Siqueira, \u00e1rea central, a reportagem flagrou uma cena curiosa. Um par de t\u00eanis usado estava pendurado nos fios que cortam a via de um lado para o outro. Na Dr. Paulo Frontin, a situa\u00e7\u00e3o \u00e9 parecida. De frente a uma lanchonete, perto da Pra\u00e7a Coronel Almeida, um monte de cabos aglomerados \u2013 alguns ligados ao pr\u00e9dio \u2013 tamb\u00e9m simboliza a confus\u00e3o em parte da rede de fia\u00e7\u00e3o pela Cidade.<\/p>\n<p>Para especialistas, o excesso de fio, al\u00e9m de ser um transtorno visual para o Munic\u00edpio, pode representar um perigo para a seguran\u00e7a da popula\u00e7\u00e3o. &#8220;Se, porventura, houver um inc\u00eandio no Centro, os caminh\u00f5es do Corpo de Bombeiros ter\u00e3o dificuldade em usar a escada giroflex&#8221;, ressaltou o arquiteto Paulo Pinhal.<\/p>\n<p>O engenheiro eletricista Eduardo Lemos salientou que o maior risco, em geral, \u00e9 o contato com os fios de alta tens\u00e3o. &#8220;H\u00e1 o risco de um caminh\u00e3o passar, arrancar os cabos e causar um acidente ou de algu\u00e9m, que estiver reformando a casa tocar, sem saber, na rede de alta tens\u00e3o, os tr\u00eas fios que ficam mais altos e isolados. \u00c9 o que acontece muito em reforma e constru\u00e7\u00e3o. Eu j\u00e1 trabalho h\u00e1 um certo tempo neste ramo e sempre oriento os pintores e outros trabalhadores a redobrarem a aten\u00e7\u00e3o por causa destes riscos&#8221;, disse.<\/p>\n<p>A Prefeitura de Mogi informou, por meio da Coordenadoria de Comunica\u00e7\u00e3o, que a concession\u00e1ria EDP Bandeirante \u00e9 a propriet\u00e1ria de toda a parte de posteamento e cabeamento da Cidade e, por isso, a utiliza\u00e7\u00e3o destas estruturas por empresas de telefonia e afins deve ser concedida pela pr\u00f3pria empresa. Ainda assim, a Administra\u00e7\u00e3o intermedia casos assim, sempre que \u00e9 informada sobre algum problema, especialmente em se tratando de solicita\u00e7\u00f5es para regulariza\u00e7\u00e3o. Secretarias diversas atuam no sentido de cobrar a empresa respons\u00e1vel, para que provid\u00eancias sejam tomadas o quanto antes.<\/p>\n<p>O Executivo mogiano acrescenta, ainda, que j\u00e1 existem levantamentos t\u00e9cnicos iniciais para que a rede de fia\u00e7\u00e3o do Munic\u00edpio passe a ser subterr\u00e2nea, mas houve a constata\u00e7\u00e3o de que o investimento para isso seria muito alto.<\/p>\n<p>Procurada por O Di\u00e1rio, a Bandeirante disse que segue as normas brasileiras quanto aos crit\u00e9rios de elabora\u00e7\u00e3o de projetos de redes de distribui\u00e7\u00e3o de energia el\u00e9trica e esclarece que a responsabilidade dos fios instalados \u00e9 tanto da distribuidora quanto das empresas que fazem compartilhamento dos postes. Com rela\u00e7\u00e3o aos projetos de redes subterr\u00e2neas de energia el\u00e9trica, o pedido deve ser feito pela Prefeitura, \u00f3rg\u00e3o respons\u00e1vel pela revitaliza\u00e7\u00e3o da Cidade e pelos recursos que ser\u00e3o utilizados.<\/p>\n<p><em>Fonte: O Di\u00e1rio de Mogi<\/em><\/p>\n","protected":false},"excerpt":{"rendered":"<p>Preocupado com a situa\u00e7\u00e3o dos fios emaranhados em diferentes pontos do Centro da cidade de Mogi das Cruzes, o psic\u00f3logo Gabriel Tarrag\u00f4, morador da \u00e1rea central, sugere a reinstala\u00e7\u00e3o das redes que est\u00e3o com o problema. Ruas como Coronel Souza Franco, Dr. Paulo Frontin e Ant\u00f4nio Candido Vieira s\u00e3o algumas das vias com a fia\u00e7\u00e3o [&hellip;]<\/p>\n","protected":false},"author":1,"featured_media":0,"comment_status":"open","ping_status":"open","sticky":false,"template":"","format":"standard","meta":{"footnotes":""},"categories":[6],"tags":[],"class_list":["post-769","post","type-post","status-publish","format-standard","hentry","category-noticias-mogi-das-cruzes"],"_links":{"self":[{"href":"https:\/\/www.encontramogidascruzes.com.br\/noticias\/wp-json\/wp\/v2\/posts\/769","targetHints":{"allow":["GET"]}}],"collection":[{"href":"https:\/\/www.encontramogidascruzes.com.br\/noticias\/wp-json\/wp\/v2\/posts"}],"about":[{"href":"https:\/\/www.encontramogidascruzes.com.br\/noticias\/wp-json\/wp\/v2\/types\/post"}],"author":[{"embeddable":true,"href":"https:\/\/www.encontramogidascruzes.com.br\/noticias\/wp-json\/wp\/v2\/users\/1"}],"replies":[{"embeddable":true,"href":"https:\/\/www.encontramogidascruzes.com.br\/noticias\/wp-json\/wp\/v2\/comments?post=769"}],"version-history":[{"count":0,"href":"https:\/\/www.encontramogidascruzes.com.br\/noticias\/wp-json\/wp\/v2\/posts\/769\/revisions"}],"wp:attachment":[{"href":"https:\/\/www.encontramogidascruzes.com.br\/noticias\/wp-json\/wp\/v2\/media?parent=769"}],"wp:term":[{"taxonomy":"category","embeddable":true,"href":"https:\/\/www.encontramogidascruzes.com.br\/noticias\/wp-json\/wp\/v2\/categories?post=769"},{"taxonomy":"post_tag","embeddable":true,"href":"https:\/\/www.encontramogidascruzes.com.br\/noticias\/wp-json\/wp\/v2\/tags?post=769"}],"curies":[{"name":"wp","href":"https:\/\/api.w.org\/{rel}","templated":true}]}}