{"id":794,"date":"2012-03-19T14:36:43","date_gmt":"2012-03-19T17:36:43","guid":{"rendered":"http:\/\/www.encontramogidascruzes.com.br\/noticias\/?p=794"},"modified":"2013-08-13T16:52:15","modified_gmt":"2013-08-13T19:52:15","slug":"mogi-das-cruzes-projetos-da-agenda-terao-ajustes","status":"publish","type":"post","link":"https:\/\/www.encontramogidascruzes.com.br\/noticias\/mogi-das-cruzes-projetos-da-agenda-terao-ajustes\/","title":{"rendered":"Mogi das Cruzes: Projetos da Agenda ter\u00e3o ajustes"},"content":{"rendered":"<p>A lista de projetos apresentada pelos munic\u00edpios locais ao Governo do Estado para poss\u00edvel inclus\u00e3o na Agenda Metropolitana do Alto Tiet\u00ea ainda deve passar por ajustes. Mesmo com o prazo curto \u2013 j\u00e1 que os investimentos ser\u00e3o anunciados pelo governador Geraldo Alckmin (PSDB) em duas semanas -, algumas das propostas ser\u00e3o rediscutidas e podem at\u00e9 mesmo serem inutilizadas.<\/p>\n<p>Ontem, o secret\u00e1rio de Estado do Desenvolvimento Metropolitano, Edson Aparecido, esteve na cidade Mogi das Cruzes na entrega do servi\u00e7o de tomografia computadorizada no Pronto Atendimento da Vila Su\u00edssa, e voltou a criticar algumas das propostas feitas por munic\u00edpios da Regi\u00e3o.<\/p>\n<p>&#8220;O grupo da \u00e1rea de Justi\u00e7a nos apresentou sete propostas e nenhuma delas \u00e9 de compet\u00eancia do Governo do Estado. Ali, por exemplo, n\u00e3o temos condi\u00e7\u00f5es de atender&#8221;, adianta.<\/p>\n<p>Como tem feito em outras entrevistas sobre a Agenda, o secret\u00e1rio falou superficialmente dos projetos, sempre tomando o cuidado para n\u00e3o entrar em detalhes. No entanto, de acordo com o apurado, a maioria das reivindica\u00e7\u00f5es na \u00e1rea jur\u00eddica trata de mudan\u00e7as na legisla\u00e7\u00e3o ambiental, como uma que pede permiss\u00e3o para que o produtor rural possa fazer o beneficiamento de alguns produtos cultivados na Regi\u00e3o.<\/p>\n<p>&#8220;Estamos agora fazendo um pente fino nos relat\u00f3rios, tentando estabelecer uma ordem de prioridades&#8221;, fala o secret\u00e1rio, que anunciou uma reuni\u00e3o para a pr\u00f3xima ter\u00e7a-feira com o presidente do Cons\u00f3rcio de Desenvolvimento dos Munic\u00edpios do Alto Tiet\u00ea (Condemat), Jorge Abissamra (PSB), prefeito de Ferraz de Vasconcelos, para discutir o assunto.<\/p>\n<p>O secret\u00e1rio criticou ainda alguns projetos da \u00e1rea de Agricultura. &#8220;Pediram sete ou oito centros de abastecimentos para a Regi\u00e3o, mas isso n\u00e3o \u00e9 algo que pode ser feito em todas as cidades. O ideal \u00e9 ter um centro de abastecimento regional, como \u00e9 feito em todos os lugares&#8221;, diz.<\/p>\n<p>Uma outra defici\u00eancia apontada por Aparecido agora diz respeito \u00e0 aus\u00eancia de projetos para programas j\u00e1 desenvolvidos pelo Governo do Estado, o que, segundo ele, facilitaria a implanta\u00e7\u00e3o no Alto Tiet\u00ea. &#8220;N\u00e3o foi solicitado nada que estivesse inclu\u00eddo nos programas do Governo, como treinamento de m\u00e3o de obra, por exemplo. Acho que isso foi uma defici\u00eancia dos grupos&#8221;, pontua.<\/p>\n<p>Sem falar de n\u00fameros, o secret\u00e1rio adianta que o objetivo da Agenda n\u00e3o \u00e9 tratar de valores, &#8220;mas de solu\u00e7\u00f5es&#8221;. Interven\u00e7\u00f5es menores, explica ele, &#8220;podem ter um impacto fant\u00e1stico na Regi\u00e3o&#8221;. At\u00e9 o dia 30, o Estado tamb\u00e9m deve propor algumas a\u00e7\u00f5es para compor a Agenda, como a vinda desses programas de governo. &#8220;Seria muito importante focar nos programas, algo que eu acho que faltou nos relat\u00f3rios&#8221;, informa.<\/p>\n<p>Por fim, o secret\u00e1rio informa que algumas propostas ainda foram apresentadas em duplicidade. &#8220;Tem que ajustar. O trabalho da Regi\u00e3o foi feito, e n\u00f3s vamos agora fazer algumas observa\u00e7\u00f5es sobre o que a gente acha que faltou ou sobre o que est\u00e1 em excesso. O Condemat vai nos auxiliar. Estarei com o Jorge (Abissamra) para mostrar isso pra ele e pedir que ele volte e diga que, na nossa opini\u00e3o, faltou alguma coisa&#8221;, diz.<\/p>\n<p>O relat\u00f3rio final, de acordo com ele, deve ficar pronto apenas na noite do dia 29. E, apesar das cr\u00edticas, o secret\u00e1rio diz que a Agenda chegou a resultados &#8220;extremamente interessantes em outras \u00e1reas&#8221;.<\/p>\n<p><strong>Cl\u00ednica de reabilita\u00e7\u00e3o<\/strong><\/p>\n<p>Novidades sobre a implanta\u00e7\u00e3o de uma cl\u00ednica para dependentes tamb\u00e9m devem ser anunciadas no dia 30. Durante esta semana, foi levantada a hip\u00f3tese do equipamento n\u00e3o ser constru\u00eddo em Mogi das Cruzes, mas em Santa Isabel. O secret\u00e1rio foi questionado sobre as chances dessa transfer\u00eancia, mas respondeu taxativamente: &#8220;Zero! Isso tamb\u00e9m s\u00f3 para o dia 30&#8221;, termina.<\/p>\n<p><em>Fonte: O Di\u00e1rio de Mogi<\/em><\/p>\n","protected":false},"excerpt":{"rendered":"<p>A lista de projetos apresentada pelos munic\u00edpios locais ao Governo do Estado para poss\u00edvel inclus\u00e3o na Agenda Metropolitana do Alto Tiet\u00ea ainda deve passar por ajustes. Mesmo com o prazo curto \u2013 j\u00e1 que os investimentos ser\u00e3o anunciados pelo governador Geraldo Alckmin (PSDB) em duas semanas -, algumas das propostas ser\u00e3o rediscutidas e podem at\u00e9 [&hellip;]<\/p>\n","protected":false},"author":1,"featured_media":0,"comment_status":"open","ping_status":"open","sticky":false,"template":"","format":"standard","meta":{"footnotes":""},"categories":[6],"tags":[],"class_list":["post-794","post","type-post","status-publish","format-standard","hentry","category-noticias-mogi-das-cruzes"],"_links":{"self":[{"href":"https:\/\/www.encontramogidascruzes.com.br\/noticias\/wp-json\/wp\/v2\/posts\/794","targetHints":{"allow":["GET"]}}],"collection":[{"href":"https:\/\/www.encontramogidascruzes.com.br\/noticias\/wp-json\/wp\/v2\/posts"}],"about":[{"href":"https:\/\/www.encontramogidascruzes.com.br\/noticias\/wp-json\/wp\/v2\/types\/post"}],"author":[{"embeddable":true,"href":"https:\/\/www.encontramogidascruzes.com.br\/noticias\/wp-json\/wp\/v2\/users\/1"}],"replies":[{"embeddable":true,"href":"https:\/\/www.encontramogidascruzes.com.br\/noticias\/wp-json\/wp\/v2\/comments?post=794"}],"version-history":[{"count":0,"href":"https:\/\/www.encontramogidascruzes.com.br\/noticias\/wp-json\/wp\/v2\/posts\/794\/revisions"}],"wp:attachment":[{"href":"https:\/\/www.encontramogidascruzes.com.br\/noticias\/wp-json\/wp\/v2\/media?parent=794"}],"wp:term":[{"taxonomy":"category","embeddable":true,"href":"https:\/\/www.encontramogidascruzes.com.br\/noticias\/wp-json\/wp\/v2\/categories?post=794"},{"taxonomy":"post_tag","embeddable":true,"href":"https:\/\/www.encontramogidascruzes.com.br\/noticias\/wp-json\/wp\/v2\/tags?post=794"}],"curies":[{"name":"wp","href":"https:\/\/api.w.org\/{rel}","templated":true}]}}