{"id":841,"date":"2012-04-23T01:04:56","date_gmt":"2012-04-23T04:04:56","guid":{"rendered":"http:\/\/www.encontramogidascruzes.com.br\/noticias\/?p=841"},"modified":"2013-08-13T16:53:18","modified_gmt":"2013-08-13T19:53:18","slug":"totalmente-revitalizado-pro-crianca-reabre-hoje","status":"publish","type":"post","link":"https:\/\/www.encontramogidascruzes.com.br\/noticias\/totalmente-revitalizado-pro-crianca-reabre-hoje\/","title":{"rendered":"Totalmente revitalizado, Pr\u00f3-Crian\u00e7a reabre hoje em Mogi das Cruzes"},"content":{"rendered":"<p>Depois de passar por obras de reforma e revitaliza\u00e7\u00e3o, o Pr\u00f3-Crian\u00e7a retoma suas atividades nesta segunda-feira (23\/4), a partir das 7 horas. Entre as principais novidades est\u00e1 a cria\u00e7\u00e3o de uma nova sala para consultas, que ser\u00e1 utilizada em per\u00edodos de maior demanda, e a implanta\u00e7\u00e3o de duas salas de espera voltadas para as crian\u00e7as que aguardam resultados de exames e outros procedimentos. Todo o espa\u00e7o ganhou cores e comunica\u00e7\u00e3o alusiva ao p\u00fablico infantil.<\/p>\n<p>O objetivo, segundo a Prefeitura de Mogi das Cruzes, \u00e9 oferecer um ambiente mais acolhedor e humano \u00e0s crian\u00e7as e tamb\u00e9m para os seus acompanhantes. \u201cAproveitamos a necessidade de reforma do im\u00f3vel para investirmos num visual mais alegre e agrad\u00e1vel para os nossos pequenos pacientes. O Pr\u00f3-Crian\u00e7a foi inaugurado em 2008 e desde ent\u00e3o vem funcionando 24 horas por dia, inclusive nos finais de semana e feriados, sem pausa para uma manuten\u00e7\u00e3o mais completa ou pintura, o que j\u00e1 se fazia necess\u00e1rio\u201d, explicou.<\/p>\n<p>Al\u00e9m da cria\u00e7\u00e3o de novos espa\u00e7os, outra novidade ser\u00e1 a classifica\u00e7\u00e3o de risco implantada na recep\u00e7\u00e3o dos pacientes. \u201cA classifica\u00e7\u00e3o de risco indica o grau da doen\u00e7a para que os pacientes mais graves sejam atendidos com maior rapidez. \u00c9 um sistema utilizado em hospitais e pronto-socorros que ser\u00e1 muito importante tamb\u00e9m no Pr\u00f3-Crian\u00e7a\u201d, informa a coordenadora de Pediatria da Secretaria Municipal de Sa\u00fade, Ros\u00e2ngela Cunha.<\/p>\n<p>O Pr\u00f3-Crian\u00e7a est\u00e1 fechado para reforma desde o \u00faltimo dia 9 de abril. Neste per\u00edodo, o atendimento tem se concentrado nos tr\u00eas Pronto-Atendimentos 24 horas da Vila Su\u00edssa, Jundiapeba e Jardim Universo.<\/p>\n<p>\u201cComo estas tr\u00eas unidades j\u00e1 funcionam como tr\u00eas \u2018Pr\u00f3s-Crian\u00e7as\u2019, contando com recursos como equipamentos de raio-x, conseguimos suprir a demanda de atendimento necess\u00e1ria. Al\u00e9m disso, neste per\u00edodo, tivemos um refor\u00e7o do atendimento em pediatria nos tr\u00eas locais\u201d, avalia o secret\u00e1rio municipal de Sa\u00fade, Paulo Villas B\u00f4as de Carvalho.<\/p>\n<p>Em 10 dias (de 9 a 19 de abril), os tr\u00eas Pronto Atendimentos realizaram, juntos, 4.407 atendimentos pedi\u00e1tricos, sendo 1.615 em Jundiapeba, 1.458 no Jardim Universo e 1.334 na Vila Su\u00edssa.<\/p>\n<p><strong>Como funciona<\/strong><\/p>\n<p>O Pr\u00f3-Crian\u00e7a \u00e9 uma cl\u00ednica m\u00e9dica especializada em pediatria que funciona como pronto-atendimento 24 horas e atende casos de urg\u00eancia e emerg\u00eancia, como febre, bronquite, desidrata\u00e7\u00e3o e infec\u00e7\u00f5es das vias respirat\u00f3rias. Para as consultas de rotina, a indica\u00e7\u00e3o \u00e9 procurar a unidade de sa\u00fade mais pr\u00f3xima de sua casa.<\/p>\n<p>\u201cAs pessoas se esquecem que as crian\u00e7as precisam de um acompanhamento pedi\u00e1trico de rotina, para avalia\u00e7\u00e3o do crescimento, verifica\u00e7\u00e3o da caderneta de vacinas, enfim, estes acompanhamentos precisam ser feitos em consultas de rotina e n\u00e3o em casos de urg\u00eancia\u201d, explica a coordenadora da Pediatria.<\/p>\n<p><em>Fonte: Prefeitura Municipal de Mogi das Cruzes<\/em><\/p>\n","protected":false},"excerpt":{"rendered":"<p>Depois de passar por obras de reforma e revitaliza\u00e7\u00e3o, o Pr\u00f3-Crian\u00e7a retoma suas atividades nesta segunda-feira (23\/4), a partir das 7 horas. Entre as principais novidades est\u00e1 a cria\u00e7\u00e3o de uma nova sala para consultas, que ser\u00e1 utilizada em per\u00edodos de maior demanda, e a implanta\u00e7\u00e3o de duas salas de espera voltadas para as crian\u00e7as [&hellip;]<\/p>\n","protected":false},"author":1,"featured_media":0,"comment_status":"open","ping_status":"open","sticky":false,"template":"","format":"standard","meta":{"footnotes":""},"categories":[8],"tags":[],"class_list":["post-841","post","type-post","status-publish","format-standard","hentry","category-servicos-mogi-das-cruzes"],"_links":{"self":[{"href":"https:\/\/www.encontramogidascruzes.com.br\/noticias\/wp-json\/wp\/v2\/posts\/841","targetHints":{"allow":["GET"]}}],"collection":[{"href":"https:\/\/www.encontramogidascruzes.com.br\/noticias\/wp-json\/wp\/v2\/posts"}],"about":[{"href":"https:\/\/www.encontramogidascruzes.com.br\/noticias\/wp-json\/wp\/v2\/types\/post"}],"author":[{"embeddable":true,"href":"https:\/\/www.encontramogidascruzes.com.br\/noticias\/wp-json\/wp\/v2\/users\/1"}],"replies":[{"embeddable":true,"href":"https:\/\/www.encontramogidascruzes.com.br\/noticias\/wp-json\/wp\/v2\/comments?post=841"}],"version-history":[{"count":0,"href":"https:\/\/www.encontramogidascruzes.com.br\/noticias\/wp-json\/wp\/v2\/posts\/841\/revisions"}],"wp:attachment":[{"href":"https:\/\/www.encontramogidascruzes.com.br\/noticias\/wp-json\/wp\/v2\/media?parent=841"}],"wp:term":[{"taxonomy":"category","embeddable":true,"href":"https:\/\/www.encontramogidascruzes.com.br\/noticias\/wp-json\/wp\/v2\/categories?post=841"},{"taxonomy":"post_tag","embeddable":true,"href":"https:\/\/www.encontramogidascruzes.com.br\/noticias\/wp-json\/wp\/v2\/tags?post=841"}],"curies":[{"name":"wp","href":"https:\/\/api.w.org\/{rel}","templated":true}]}}