{"id":893,"date":"2012-06-06T01:49:33","date_gmt":"2012-06-06T04:49:33","guid":{"rendered":"http:\/\/www.encontramogidascruzes.com.br\/noticias\/?p=893"},"modified":"2013-08-13T16:52:14","modified_gmt":"2013-08-13T19:52:14","slug":"assinatura-de-decreto-oficializando-plano-de-manejo-marca-o-dia-do-meio-ambiente-em-mogi","status":"publish","type":"post","link":"https:\/\/www.encontramogidascruzes.com.br\/noticias\/assinatura-de-decreto-oficializando-plano-de-manejo-marca-o-dia-do-meio-ambiente-em-mogi\/","title":{"rendered":"Assinatura de decreto oficializando plano de manejo marca o Dia do Meio Ambiente em Mogi"},"content":{"rendered":"<p>Ontem (5), Dia do Meio Ambiente, o prefeito Marco Bertaiolli foi pela manh\u00e3 ao Parque Natural Municipal Francisco Affonso de Mello, na Serra do Itapeti, onde assinou o decreto municipal de n\u00famero 12.500, oficializando o plano de manejo da unidade de conserva\u00e7\u00e3o. Isso significa que o documento, elaborado pelo Instituto Ecofuturo, n\u00e3o representar\u00e1 apenas a concretiza\u00e7\u00e3o de uma norma t\u00e9cnica; ele dever\u00e1 ser seguido a risca por todos os que trabalham e frequentam a reserva ambiental.<\/p>\n<p>Conclu\u00eddo no ano passado, o plano aponta todas as normas para utiliza\u00e7\u00e3o e visita\u00e7\u00e3o do local. Al\u00e9m de restringir o n\u00famero de visitas, ele determina que todos os grupos devem ser acompanhados por monitores, e s\u00f3 podem desenvolver atividades de contempla\u00e7\u00e3o e educa\u00e7\u00e3o ambiental, preservando assim o ecossistema local.<\/p>\n<p>O plano lista as esp\u00e9cies de mam\u00edferos, aves, anf\u00edbios e peixes identificados, al\u00e9m de esp\u00e9cies end\u00eamicas e ex\u00f3ticas de plantas. Detalha tamb\u00e9m o zonamento do local, apontando itens como a zona primitiva, em que nada pode ser mexido, a zona de uso extensivo, que pode ser utilizada para trilhas, mas sem qualquer edifica\u00e7\u00e3o, e a zona de uso intensivo, onde est\u00e1, por exemplo, o Centro de Visitantes.<\/p>\n<p>\u201cHoje estamos avan\u00e7ando um pouco mais no trato com o meio ambiente, e queremos sempre que as nossas conquistas sejam perenes. O Parque Municipal \u00e9 um grande exemplo disso. No passado ele foi um parque de lazer e hoje ele mudou essa caracter\u00edstica; passou a ser um parque de estudo e contempla\u00e7\u00e3o do meio ambiente. De hoje em diante teremos novidades, mas a principal delas j\u00e1 \u00e9 uma realidade: abrimos o parque, mas de forma monitorada, organizada e respeitosa\u201d, declarou o prefeito.<\/p>\n<p>O diretor do Instituto Ecofoturu, Paulo Groke, agradeceu \u00e0 Prefeitura pela confian\u00e7a depositada ao encomendar a elabora\u00e7\u00e3o do plano, e afirmou que a assinatura de um decreto \u00e9 uma demonstra\u00e7\u00e3o de coragem e seriedade da Prefeitura de Mogi das Cruzes. \u201cTenho de parabenizar a Prefeitura pela coragem de oficializar o plano de manejo sob a forma de um decreto, para garantir que ele seja cumprido. Isso refor\u00e7a o comprometimento da Prefeitura com a quest\u00e3o ambiental\u201d.<\/p>\n<p>J\u00e1 a secret\u00e1ria municipal do Verde e Meio Ambiente, Maria In\u00eas Soares Costa Neves, destacou a qualidade do plano elaborado pelo Instituto, e do modelo de gest\u00e3o j\u00e1 implantado no parque. \u201cPodemos dizer sem d\u00favidas que o Parque \u00e9 um modelo por esse plano muito bem elaborado, que permite que tenhamos visitas durante a semana de grupos escolares e tamb\u00e9m da comunidade em geral aos finais de semana, sempre com o acompanhamento de profissionais especializados\u201d, disse.<\/p>\n<p>De novembro de 2011 at\u00e9 o presente momento, 423 pessoas j\u00e1 visitaram o Parque Natural aos s\u00e1bados e domingos, por meio do Programa de Visita Monitorada. J\u00e1 durante a semana, a expectativa \u00e9 que at\u00e9 o final deste ano 5.800 tenha visitado e conhecido a reserva ambiental.<\/p>\n<p><em>Fonte: Prefeitura Mogi Das Cruzes<\/em><\/p>\n","protected":false},"excerpt":{"rendered":"<p>Ontem (5), Dia do Meio Ambiente, o prefeito Marco Bertaiolli foi pela manh\u00e3 ao Parque Natural Municipal Francisco Affonso de Mello, na Serra do Itapeti, onde assinou o decreto municipal de n\u00famero 12.500, oficializando o plano de manejo da unidade de conserva\u00e7\u00e3o. Isso significa que o documento, elaborado pelo Instituto Ecofuturo, n\u00e3o representar\u00e1 apenas a [&hellip;]<\/p>\n","protected":false},"author":1,"featured_media":0,"comment_status":"open","ping_status":"open","sticky":false,"template":"","format":"standard","meta":{"footnotes":""},"categories":[6],"tags":[],"class_list":["post-893","post","type-post","status-publish","format-standard","hentry","category-noticias-mogi-das-cruzes"],"_links":{"self":[{"href":"https:\/\/www.encontramogidascruzes.com.br\/noticias\/wp-json\/wp\/v2\/posts\/893","targetHints":{"allow":["GET"]}}],"collection":[{"href":"https:\/\/www.encontramogidascruzes.com.br\/noticias\/wp-json\/wp\/v2\/posts"}],"about":[{"href":"https:\/\/www.encontramogidascruzes.com.br\/noticias\/wp-json\/wp\/v2\/types\/post"}],"author":[{"embeddable":true,"href":"https:\/\/www.encontramogidascruzes.com.br\/noticias\/wp-json\/wp\/v2\/users\/1"}],"replies":[{"embeddable":true,"href":"https:\/\/www.encontramogidascruzes.com.br\/noticias\/wp-json\/wp\/v2\/comments?post=893"}],"version-history":[{"count":0,"href":"https:\/\/www.encontramogidascruzes.com.br\/noticias\/wp-json\/wp\/v2\/posts\/893\/revisions"}],"wp:attachment":[{"href":"https:\/\/www.encontramogidascruzes.com.br\/noticias\/wp-json\/wp\/v2\/media?parent=893"}],"wp:term":[{"taxonomy":"category","embeddable":true,"href":"https:\/\/www.encontramogidascruzes.com.br\/noticias\/wp-json\/wp\/v2\/categories?post=893"},{"taxonomy":"post_tag","embeddable":true,"href":"https:\/\/www.encontramogidascruzes.com.br\/noticias\/wp-json\/wp\/v2\/tags?post=893"}],"curies":[{"name":"wp","href":"https:\/\/api.w.org\/{rel}","templated":true}]}}