{"id":951,"date":"2012-07-31T07:58:26","date_gmt":"2012-07-31T10:58:26","guid":{"rendered":"http:\/\/www.encontramogidascruzes.com.br\/noticias\/?p=951"},"modified":"2013-08-13T16:54:23","modified_gmt":"2013-08-13T19:54:23","slug":"faltam-vagas-nas-creches-de-mogi-das-cruzes","status":"publish","type":"post","link":"https:\/\/www.encontramogidascruzes.com.br\/noticias\/faltam-vagas-nas-creches-de-mogi-das-cruzes\/","title":{"rendered":"Faltam vagas nas creches de Mogi das Cruzes"},"content":{"rendered":"<p>\u201cChego a perder os bicos que consigo porque n\u00e3o tenho com quem deixar a minha filha durante o dia\u201d. Este \u00e9 o depoimento da diarista Renata de Souza, 26 anos, moradora do S\u00e3o Jo\u00e3o, que busca desde o ano passado uma vaga para a filha Laisla Let\u00edcia, 3, em uma creche de Mogi das Cruzes. J\u00e1 a auxiliar Karen Ramos, 23, precisa recorrer \u00e0 ajuda do pai, que trabalha \u00e0 noite e dorme poucas horas por dia, para deixar a pequena Nicolly, de 2.<\/p>\n<p>De acordo com levantamento feito pela Secretaria Municipal de Educa\u00e7\u00e3o, 9.447 crian\u00e7as s\u00e3o atendidas nas 82 creches ligadas \u00e0 Prefeitura, sendo 13 da Administra\u00e7\u00e3o, cinco escolas de ensino infantil e outras 64 conveniadas. O Censo 2010, do Instituto Brasileiro de Geografia e Estat\u00edstica (IBGE), traz n\u00fameros um pouco diferentes. Os dados do estudo demogr\u00e1fico apontam que o Munic\u00edpio tinha, \u00e0 \u00e9poca, 9.799 crian\u00e7as em unidades educacionais infantis.<\/p>\n<p>A diferen\u00e7a se deve, sobretudo a dois fatores. O primeiro \u00e9 que o levantamento da Prefeitura foi feito em 2012 e o do IBGE se refere a 2009, tendo como base o ano seguinte. O segundo \u00e9 o envelhecimento das crian\u00e7as que ultrapassam os cinco anos de idade e j\u00e1 saem do universo observado pelos dois indicadores. \u201cOs agentes seguem o padr\u00e3o e perguntam \u00e0s fam\u00edlias quantas crian\u00e7as daquele domic\u00edlio frequentam creches ou escolas infantis. Isso ajuda a identificar o universo, que conta com o servi\u00e7o e a parte que n\u00e3o tem\u201d, ressalta o chefe interino da ag\u00eancia mogiana do IBGE, Paulo C\u00e9sar de Souza. Ao todo 695 crian\u00e7as aguardam vaga pelo Cadastro Unificado Municipal, elaborado pela Pasta para direcionamento dos pequenos \u00e0s unidades.<\/p>\n<p>Para ter um filho matriculado em creche, a m\u00e3e precisa comprovar que trabalha. Este \u00e9 o maior entrave para Renata. \u201cNa maior parte das vezes, consigo deix\u00e1-la na casa da minha m\u00e3e e ir trabalhar. Mas tem dias em que n\u00e3o h\u00e1 jeito. N\u00e3o tenho com quem deixar a Laisla e acabo n\u00e3o fazendo a di\u00e1ria para ficar com ela\u201d, comentou.<\/p>\n<p>O que a deixa mais triste \u00e9 que bem perto de sua casa, na Rua Ant\u00f4nio Cordeiro, funciona a creche Sant\u2019Ana, que atende 287 crian\u00e7as do ber\u00e7\u00e1rio aos 5 anos. \u201cTenho uma cunhada que conseguiu colocar a filha dela l\u00e1. H\u00e1 um ano tento matricular a Laisla, converso com funcion\u00e1rios e eles me dizem que \u00e9 s\u00f3 se inscrever no cadastro e estar trabalhando. Mas como posso procurar emprego se n\u00e3o tenho com quem deixar minha filha?\u201d, indagou.<\/p>\n<p>Karen, por sua vez, at\u00e9 tem trabalho, mas ela diz n\u00e3o achar vagas na creche perto de sua casa, no Jardim Nove de Julho. \u201cSempre que vou procurar vaga dizem que ainda n\u00e3o tem, que precisa p\u00f4r o nome no Cadastro, mas at\u00e9 agora n\u00e3o consegui. Para que uma menina de 2 anos n\u00e3o fique sozinha em casa, a deixo com meu pai, que trabalha de porteiro durante a madrugada e tem uma parte do dia para tentar descansar. No restante, ele fica cuidando dela\u201d, comentou.<\/p>\n<p>A jovem explica que sua realidade \u00e9 parecida com a de outras m\u00e3es do Bairro. \u201cAqui h\u00e1 muita gente que trabalha, n\u00e3o tem com quem deixar filho e precisa com urg\u00eancia de creche. A Prefeitura tem que olhar com aten\u00e7\u00e3o para este problema porque prejudica a fam\u00edlia e a crian\u00e7a, que n\u00e3o conta com o servi\u00e7o que \u00e9 seu direito\u201d, opinou.<\/p>\n<p><strong>Aumento de creches<\/strong><\/p>\n<p>Para a secret\u00e1ria municipal de Educa\u00e7\u00e3o, Maria Geny Borges \u00c1vila Horle, o aumento no n\u00famero de creches resultou em \u00edndices positivos para a Cidade. \u201cO relat\u00f3rio de obras prev\u00ea 40 novas creches, 35 j\u00e1 entregues. Em 2011, t\u00ednhamos 94,30% das crian\u00e7as na pr\u00e9-escola, com 4 e 5 anos, atendidas na Cidade, o que significa que estamos perto de universalizar esta faixa et\u00e1ria. Quanto \u00e0s da creche, como j\u00e1 t\u00ednhamos 40,63% de atendimento, deveremos chegar aos 50% bem antes de 2020, como estipula o Plano Nacional de Educa\u00e7\u00e3o\u201d, explica.<\/p>\n<p>Questionada sobre a necessidade de exigir que a m\u00e3e trabalhe para que a crian\u00e7a possa frequentar uma unidade, a chefe da Pasta comentou que \u201co Cadastro \u00e9 uma lista \u00fanica de espera da Cidade e prioriza o atendimento \u00e0s m\u00e3es trabalhadoras, fam\u00edlias de menor renda per capita e crian\u00e7as em situa\u00e7\u00e3o de vulnerabilidade ou risco social. Considerando que em muitos bairros ainda n\u00e3o conseguimos universalizar a oferta de vagas para a faixa de 0 a 3 anos, estes s\u00e3o crit\u00e9rios de atendimento \u00e0s crian\u00e7as e \u00e0s fam\u00edlias que mais precisam de vagas em escolas p\u00fablicas por n\u00e3o terem condi\u00e7\u00f5es de pagar uma particular\u201d, apontou.<\/p>\n<p>Para algumas entidades de setores com forte presen\u00e7a de m\u00e3o de obra feminina, a maior oferta de unidades de educa\u00e7\u00e3o infantil ajuda na renda e economia. \u201cA abertura de novas creches reflete diretamente no setor econ\u00f4mico de uma cidade. Costumo usar uma estimativa de que, para cada crian\u00e7a que entra numa creche, s\u00e3o R$ 300,00 que podem ser injetados na economia local. Este valor \u00e9 o que as m\u00e3es pagam, em m\u00e9dia, para que algu\u00e9m cuide dos seus filhos ou, ent\u00e3o, para alguma institui\u00e7\u00e3o particular que ofere\u00e7a este servi\u00e7o. \u00c0 medida em que h\u00e1 a possibilidade de colocar o filho numa unidade p\u00fablica, sem qualquer custo, estes R$ 300,00 ficam dispon\u00edveis para serem usados em outras finalidades e o com\u00e9rcio, direta e indiretamente, absorve isso. N\u00e3o podemos esquecer, ainda, que com a amplia\u00e7\u00e3o de creches, m\u00e3es que hoje n\u00e3o trabalham porque n\u00e3o t\u00eam com quem deixar os filhos, ganham oportunidades de conseguir emprego\u201d, destacou T\u00e2nia Fukusen, presidente da Associa\u00e7\u00e3o Comercial de Mogi das Cruzes (ACMC).<\/p>\n<p>\u201cA amplia\u00e7\u00e3o do sistema de creches gera benef\u00edcios na sociedade como um todo e n\u00e3o s\u00f3 no setor industrial. Mas n\u00e3o resta d\u00favidas de que a maior oferta de vagas nas creches aumenta a empregabilidade das mulheres no mercado de trabalho. A partir do momento que disp\u00f5em de um lugar para cuidar dos filhos, com seguran\u00e7a e qualidade, as m\u00e3es que at\u00e9 ent\u00e3o tinham que ficar em casa podem trabalhar fora. E a ind\u00fastria \u00e9 um setor que absorve grande parte desta m\u00e3o de obra, visto que figura como a segunda maior empregadora\u201d, analisou Werner Ludwig Stripecke, diretor do Centro das Ind\u00fastrias do Estado de S\u00e3o Paulo (Ciesp) Alto Tiet\u00ea.<\/p>\n<p>Veja as respostas dos candidatos a Prefeitura de Mogi:<\/p>\n<p><strong>Edgar Passos<\/strong><\/p>\n<p>Em busca de sua primeira gest\u00e3o na Prefeitura, Edgar Passos (PSTU ) pretende trazer \u00e0 tona a quest\u00e3o do financiamento p\u00fablico na educa\u00e7\u00e3o em Mogi das Cruzes. \u201cA Prefeitura atende hoje pouco menos de 10 mil crian\u00e7as em suas creches e escolas de ensino infantil. O grande problema na atualidade \u00e9 a quest\u00e3o do financiamento p\u00fablico da educa\u00e7\u00e3o. Criam-se conv\u00eanios com entidades que passam a gerenciar a unidade, mas isso n\u00e3o garante um padr\u00e3o de qualidade no ensino. O pr\u00f3prio Munic\u00edpio deve se responsabilizar pelas creches. Este problema com a educa\u00e7\u00e3o, delegando a responsabilidade a entidades conveniadas, por\u00e9m, n\u00e3o acontece s\u00f3 em Mogi das Cruzes\u201d, ressaltou. Segundo ele, \u00e9 preciso mudar a gest\u00e3o atual. \u201cCriar um crit\u00e9rio pedag\u00f3gico que envolva as tr\u00eas partes governamentais. A partir da\u00ed pode-se projetar mudan\u00e7as mais profundas. Desta forma, dando aten\u00e7\u00e3o \u00e0 educa\u00e7\u00e3o de base, poder\u00e1 se mudar a situa\u00e7\u00e3o da falta de vagas em creches municipais\u201d, salientou o representante do PSTU .<\/p>\n<p><strong>Fernando Muniz <\/strong><\/p>\n<p>Se eleito, Fernando Muniz (PPS) diz que construir\u00e1 mais creches para atender a demanda de crian\u00e7as que ainda n\u00e3o t\u00eam vagas garantidas na rede municipal. \u201c\u00c9 preciso construir novas unidades ou adotar algumas j\u00e1 existentes para comportar mais alunos. Fazer conv\u00eanios \u00e9 uma alternativa em quest\u00e3o porque poder\u00e1 viabilizar o aumento de oferta de vagas, principalmente em bairros mais distantes que, na atualidade, tem poucas unidades. Muitas m\u00e3es recorrem a creches afastadas de suas casas para n\u00e3o deixar os filhos sozinhos\u201d, destacou. Al\u00e9m disso, o representante do PPS acredita na discuss\u00e3o do or\u00e7amento participativo como forma de tentar resolver a quest\u00e3o do d\u00e9ficit de vagas. \u201cVamos discutir o or\u00e7amento participativo. A Prefeitura tem de entender a seriedade deste assunto que envolve outras \u00e1reas de interesse p\u00fablico, inclusive, a educa\u00e7\u00e3o. \u00c9 possibilitar que o p\u00fablico ajude nas decis\u00f5es importantes, sobretudo nesta de destina\u00e7\u00e3o or\u00e7ament\u00e1ria\u201d, comentou.<\/p>\n<p><strong>Jorge Paz<\/strong><\/p>\n<p>O candidato \u00e0 Prefeitura mogiana pelo PSOL , o professor Jorge Paz, aponta que o Munic\u00edpio n\u00e3o tem priorizado muito a amplia\u00e7\u00e3o no n\u00famero de creches, o que prejudica o desenvolvimento educacional em Mogi. \u201cO Munic\u00edpio deveria dar prioridade \u00e0s creches. Hoje vivemos uma realidade em que a Prefeitura, o Estado e o Governo Federal pouco se responsabilizam por este setor. O que falta \u00e9 a cria\u00e7\u00e3o de um projeto pedag\u00f3gico muito bem alicer\u00e7ado. Com este projeto, vai ser poss\u00edvel expandir o alcance destas unidades educacionais, objetivando o p\u00fablico de 0 a 5 anos\u201d, explicou. A ideia, segundo o candidato, al\u00e9m da constru\u00e7\u00e3o de novas unidades \u00e9 padronizar o conceito educacional, tornando a creche um ambiente acess\u00edvel, sobretudo para as m\u00e3es que at\u00e9 hoje n\u00e3o conseguem vaga para os filhos, e pedagogicamente completo. Para Paz, outro tema que precisa ser discutido \u00e9 a contrata\u00e7\u00e3o de funcion\u00e1rios para as unidades. \u201cTodos devem ser concursados para que possam exercer fun\u00e7\u00e3o l\u00e1 dentro\u201d, complementou.<\/p>\n<p><strong>Marco Bertaiolli<\/strong><\/p>\n<p>Candidato \u00e0 reelei\u00e7\u00e3o pelo PSD , o prefeito Marco Aur\u00e9lio Bertaiolli afirma que at\u00e9 aqui tem cumprido um de seus principais compromissos na \u00e1rea de educa\u00e7\u00e3o. \u201cEstamos entregando 40 novas creches. No total, elas devem gerar 5,5 mil vagas\u201d, disse. De acordo com ele, o objetivo, caso seja novamente escolhido pela maior parte dos eleitores mogianos, \u00e9 construir mais 25 creches no Munic\u00edpio. \u201cPara o pr\u00f3ximo mandato, nosso compromisso \u00e9 regularizar a demanda de vagas por creches. Vamos construir pelo menos mais 25 unidades em bairros como Jundiapeba, Jardim Margarida, Parque Ol\u00edmpico, Jardim Santos Dumont, Santo \u00c2ngelo, Vila Nova Aparecida, Jardim Maric\u00e1, Ch\u00e1caras Guanabara, Jardim Aracy e Parque Morumbi\u201d, acrescentou.<\/p>\n<p>Das mais de duas dezenas de creches planejadas pelo candidato, 15 devem contar com conv\u00eanios firmados em parceria com o Governo Federal, uma por meio do Governo do Estado e outras nove que ser\u00e3o erguidas pela Prefeitura de Mogi das Cruzes.<\/p>\n<p><strong>Marco Soares<\/strong><\/p>\n<p>O advogado Marco Soares (PT) defende a cria\u00e7\u00e3o de cadastros locais para as m\u00e3es que precisam colocar seus filhos nas creches da Prefeitura. \u201cPrecisamos zerar o d\u00e9ficit aumentando o n\u00famero de creches e permitindo que na pr\u00f3pria comunidade onde ela esteja inserida tenha autonomia de constituir um cadastro para ocupar as vagas que faltam, especialmente atendendo \u00e0quela popula\u00e7\u00e3o. Ent\u00e3o, entendemos que, al\u00e9m de mais creches, precisamos instituir os cadastros locais\u201d, sugeriu. O petista disse, ainda, que pretende contar com o apoio do Governo Federal para solucionar este problema em Mogi, caso sela eleito no pleito de 7 de outubro. \u201cOs programas do Governo Federal, inclusive este \u00faltimo (chamado de \u201cBrasil Carinhoso\u201d), j\u00e1 prev\u00ea a constru\u00e7\u00e3o de novas creches em parcerias com as prefeituras. Poderemos contar com esta ajuda\u201d. Em rela\u00e7\u00e3o aos conv\u00eanios, Soares tem opini\u00e3o formada. \u201cO poder p\u00fablico n\u00e3o pode transmitir a responsabilidade integral \u00e0s associa\u00e7\u00f5es conveniadas\u201d, concluiu.<\/p>\n<p><strong>M\u00e1rio Berti<\/strong><\/p>\n<p>Em mais uma disputa \u00e0 Prefeitura, M\u00e1rio Berti (PCB) aponta que todas as crian\u00e7as t\u00eam direito \u00e0s creches, mesmo aquelas cujas m\u00e3es n\u00e3o trabalham. \u201cN\u00e3o pode faltar creche para nenhuma crian\u00e7a em Mogi das Cruzes. Isso se a m\u00e3e estiver trabalhando ou n\u00e3o. As creches deveriam atender a todas as m\u00e3es que recorrem a elas\u201d, afirmou. O candidato destaca, ainda, que a Administra\u00e7\u00e3o Municipal deveria ajudar os pais que precisam utilizar transporte p\u00fablico a levar os pequenos \u00e0s creches. \u201cAcredito que a Prefeitura deveria bancar um aux\u00edlio de custo \u00e0s m\u00e3es que precisam utilizar \u00f4nibus para levar as crian\u00e7as \u00e0 uma unidade longe de casa\u201d, opinou.<\/p>\n<p>Cr\u00edtico do modelo atual de gest\u00e3o por meio de conv\u00eanios, Berti defende rigor na fiscaliza\u00e7\u00e3o das entidades que administram as unidades. \u201cA Prefeitura de Mogi das Cruzes precisa intensificar a fiscaliza\u00e7\u00e3o em cima das entidades que ficam respons\u00e1veis por gerenciar as creches no Munic\u00edpio. Fiscaliza\u00e7\u00e3o financeira e at\u00e9 sanit\u00e1ria para observar o estado dos im\u00f3veis onde as crian\u00e7as ficam\u201d, conclui.<\/p>\n<p><em>Fonte: O Di\u00e1rio de Mogi<\/em><\/p>\n","protected":false},"excerpt":{"rendered":"<p>\u201cChego a perder os bicos que consigo porque n\u00e3o tenho com quem deixar a minha filha durante o dia\u201d. Este \u00e9 o depoimento da diarista Renata de Souza, 26 anos, moradora do S\u00e3o Jo\u00e3o, que busca desde o ano passado uma vaga para a filha Laisla Let\u00edcia, 3, em uma creche de Mogi das Cruzes. [&hellip;]<\/p>\n","protected":false},"author":1,"featured_media":0,"comment_status":"open","ping_status":"open","sticky":false,"template":"","format":"standard","meta":{"footnotes":""},"categories":[7],"tags":[],"class_list":["post-951","post","type-post","status-publish","format-standard","hentry","category-reclamacoes-mogi-das-cruzes"],"_links":{"self":[{"href":"https:\/\/www.encontramogidascruzes.com.br\/noticias\/wp-json\/wp\/v2\/posts\/951","targetHints":{"allow":["GET"]}}],"collection":[{"href":"https:\/\/www.encontramogidascruzes.com.br\/noticias\/wp-json\/wp\/v2\/posts"}],"about":[{"href":"https:\/\/www.encontramogidascruzes.com.br\/noticias\/wp-json\/wp\/v2\/types\/post"}],"author":[{"embeddable":true,"href":"https:\/\/www.encontramogidascruzes.com.br\/noticias\/wp-json\/wp\/v2\/users\/1"}],"replies":[{"embeddable":true,"href":"https:\/\/www.encontramogidascruzes.com.br\/noticias\/wp-json\/wp\/v2\/comments?post=951"}],"version-history":[{"count":0,"href":"https:\/\/www.encontramogidascruzes.com.br\/noticias\/wp-json\/wp\/v2\/posts\/951\/revisions"}],"wp:attachment":[{"href":"https:\/\/www.encontramogidascruzes.com.br\/noticias\/wp-json\/wp\/v2\/media?parent=951"}],"wp:term":[{"taxonomy":"category","embeddable":true,"href":"https:\/\/www.encontramogidascruzes.com.br\/noticias\/wp-json\/wp\/v2\/categories?post=951"},{"taxonomy":"post_tag","embeddable":true,"href":"https:\/\/www.encontramogidascruzes.com.br\/noticias\/wp-json\/wp\/v2\/tags?post=951"}],"curies":[{"name":"wp","href":"https:\/\/api.w.org\/{rel}","templated":true}]}}