{"id":984,"date":"2012-08-31T11:24:58","date_gmt":"2012-08-31T14:24:58","guid":{"rendered":"http:\/\/www.encontramogidascruzes.com.br\/noticias\/?p=984"},"modified":"2013-08-13T16:54:23","modified_gmt":"2013-08-13T19:54:23","slug":"show-de-fabio-jr-agitou-mogi-das-cruzes","status":"publish","type":"post","link":"https:\/\/www.encontramogidascruzes.com.br\/noticias\/show-de-fabio-jr-agitou-mogi-das-cruzes\/","title":{"rendered":"Show de F\u00e1bio Jr agitou Mogi das Cruzes"},"content":{"rendered":"<p>Embalado pelo refr\u00e3o de \u201cEpit\u00e1fio\u201d, um dos sucessos dos Tit\u00e3s, o cantor F\u00e1bio Jr. esquentou o clima na noite de ontem, na abertura das comemora\u00e7\u00f5es do anivers\u00e1rio de 452 anos da Cidade. Acompanhado pela Orquestra Sinf\u00f4nica Jovem de Mogi das Cruzes, pelos Canarinhos do Itapety e pelas mil vozes do coral, o \u00eddolo subiu ao palco da ExpoMogi 2012 por volta das 21h30 e reuniu diferentes gera\u00e7\u00f5es ansiosas para conferir sucessos como \u201cPai\u201d, \u201cSenta Aqui\u201d e \u201cFelicidade\u201d.<\/p>\n<p>Ap\u00f3s a abertura oficial dos port\u00f5es da ExpoMogi 2012, que contou com a presen\u00e7a do diretor regional do Centro das Ind\u00fastrias do Estado de S\u00e3o Paulo (Ciesp), Werner Ludwig Stripecke, e da presidente da Associa\u00e7\u00e3o Comercial de Mogi das Cruzes (ACMC), T\u00e2nia Fukusen, F\u00e1bio Jr. emocionou o p\u00fablico ao apresentar um repert\u00f3rio de m\u00fasicas rom\u00e2nticas, mandar beijos e cantar um dos seus maiores sucessos, \u201cS\u00f3 Voc\u00ea\u201d.<\/p>\n<p><em>Fonte: Di\u00e1rio de Mogi<\/em><\/p>\n","protected":false},"excerpt":{"rendered":"<p>Embalado pelo refr\u00e3o de \u201cEpit\u00e1fio\u201d, um dos sucessos dos Tit\u00e3s, o cantor F\u00e1bio Jr. esquentou o clima na noite de ontem, na abertura das comemora\u00e7\u00f5es do anivers\u00e1rio de 452 anos da Cidade. Acompanhado pela Orquestra Sinf\u00f4nica Jovem de Mogi das Cruzes, pelos Canarinhos do Itapety e pelas mil vozes do coral, o \u00eddolo subiu ao [&hellip;]<\/p>\n","protected":false},"author":1,"featured_media":0,"comment_status":"open","ping_status":"open","sticky":false,"template":"","format":"standard","meta":{"footnotes":""},"categories":[5],"tags":[],"class_list":["post-984","post","type-post","status-publish","format-standard","hentry","category-eventos-mogi-das-cruzes"],"_links":{"self":[{"href":"https:\/\/www.encontramogidascruzes.com.br\/noticias\/wp-json\/wp\/v2\/posts\/984","targetHints":{"allow":["GET"]}}],"collection":[{"href":"https:\/\/www.encontramogidascruzes.com.br\/noticias\/wp-json\/wp\/v2\/posts"}],"about":[{"href":"https:\/\/www.encontramogidascruzes.com.br\/noticias\/wp-json\/wp\/v2\/types\/post"}],"author":[{"embeddable":true,"href":"https:\/\/www.encontramogidascruzes.com.br\/noticias\/wp-json\/wp\/v2\/users\/1"}],"replies":[{"embeddable":true,"href":"https:\/\/www.encontramogidascruzes.com.br\/noticias\/wp-json\/wp\/v2\/comments?post=984"}],"version-history":[{"count":0,"href":"https:\/\/www.encontramogidascruzes.com.br\/noticias\/wp-json\/wp\/v2\/posts\/984\/revisions"}],"wp:attachment":[{"href":"https:\/\/www.encontramogidascruzes.com.br\/noticias\/wp-json\/wp\/v2\/media?parent=984"}],"wp:term":[{"taxonomy":"category","embeddable":true,"href":"https:\/\/www.encontramogidascruzes.com.br\/noticias\/wp-json\/wp\/v2\/categories?post=984"},{"taxonomy":"post_tag","embeddable":true,"href":"https:\/\/www.encontramogidascruzes.com.br\/noticias\/wp-json\/wp\/v2\/tags?post=984"}],"curies":[{"name":"wp","href":"https:\/\/api.w.org\/{rel}","templated":true}]}}